{"id":65,"date":"2022-05-06T10:57:43","date_gmt":"2022-05-06T08:57:43","guid":{"rendered":"https:\/\/157.88.224.245\/?p=65"},"modified":"2023-08-24T12:35:15","modified_gmt":"2023-08-24T10:35:15","slug":"catedra-smart-global-ecosystems-inteligencia-artificial-congreso-forestal-mundial","status":"publish","type":"post","link":"https:\/\/www.programador.online\/uifor\/catedra-smart-global-ecosystems-inteligencia-artificial-congreso-forestal-mundial\/","title":{"rendered":"La c\u00e1tedra de empresa SMART Global Ecosystems presenta sus actividades de inteligencia artificial en el Congreso Forestal Mundial"},"content":{"rendered":"<p><div class=\"fusion-fullwidth fullwidth-box fusion-builder-row-1 fusion-flex-container nonhundred-percent-fullwidth non-hundred-percent-height-scrolling\" style=\"--awb-border-radius-top-left:0px;--awb-border-radius-top-right:0px;--awb-border-radius-bottom-right:0px;--awb-border-radius-bottom-left:0px;--awb-flex-wrap:wrap;\" ><div class=\"fusion-builder-row fusion-row fusion-flex-align-items-flex-start fusion-flex-content-wrap\" style=\"max-width:1289.6px;margin-left: calc(-4% \/ 2 );margin-right: calc(-4% \/ 2 );\"><div class=\"fusion-layout-column fusion_builder_column fusion-builder-column-0 fusion_builder_column_1_1 1_1 fusion-flex-column\" style=\"--awb-bg-size:cover;--awb-width-large:100%;--awb-margin-top-large:0px;--awb-spacing-right-large:0%;--awb-margin-bottom-large:65px;--awb-spacing-left-large:0%;--awb-width-medium:100%;--awb-order-medium:0;--awb-spacing-right-medium:0%;--awb-spacing-left-medium:0%;--awb-width-small:100%;--awb-order-small:0;--awb-spacing-right-small:1.92%;--awb-margin-bottom-small:50px;--awb-spacing-left-small:1.92%;\"><div class=\"fusion-column-wrapper fusion-column-has-shadow fusion-flex-justify-content-flex-start fusion-content-layout-column\"><div class=\"fusion-image-element \" style=\"text-align:center;--awb-aspect-ratio:3 \/ 1;--awb-caption-title-font-family:var(--h2_typography-font-family);--awb-caption-title-font-weight:var(--h2_typography-font-weight);--awb-caption-title-font-style:var(--h2_typography-font-style);--awb-caption-title-size:var(--h2_typography-font-size);--awb-caption-title-transform:var(--h2_typography-text-transform);--awb-caption-title-line-height:var(--h2_typography-line-height);--awb-caption-title-letter-spacing:var(--h2_typography-letter-spacing);\"><span class=\" fusion-imageframe imageframe-none imageframe-1 hover-type-none has-aspect-ratio\"><img fetchpriority=\"high\" fetchpriority=\"high\" decoding=\"async\" width=\"890\" height=\"786\" title=\"Bravo-Coreabuena recortada\" src=\"http:\/\/iufor.palencia.uva.es\/wp-content\/uploads\/2022\/07\/Bravo-Coreabuena-recortada.jpg\" class=\"img-responsive wp-image-11181 img-with-aspect-ratio\" data-parent-fit=\"cover\" data-parent-container=\".fusion-image-element\" alt srcset=\"https:\/\/www.programador.online\/uifor\/wp-content\/uploads\/2022\/07\/Bravo-Coreabuena-recortada-200x177.jpg 200w, https:\/\/www.programador.online\/uifor\/wp-content\/uploads\/2022\/07\/Bravo-Coreabuena-recortada-400x353.jpg 400w, https:\/\/www.programador.online\/uifor\/wp-content\/uploads\/2022\/07\/Bravo-Coreabuena-recortada-600x530.jpg 600w, https:\/\/www.programador.online\/uifor\/wp-content\/uploads\/2022\/07\/Bravo-Coreabuena-recortada-800x707.jpg 800w, https:\/\/www.programador.online\/uifor\/wp-content\/uploads\/2022\/07\/Bravo-Coreabuena-recortada.jpg 890w\" sizes=\"(max-width: 640px) 100vw, 890px\" \/><\/span><\/div><\/div><\/div><div class=\"fusion-layout-column fusion_builder_column fusion-builder-column-1 fusion_builder_column_1_1 1_1 fusion-flex-column\" style=\"--awb-padding-right:60px;--awb-padding-left:60px;--awb-bg-size:cover;--awb-width-large:100%;--awb-margin-top-large:0px;--awb-spacing-right-large:1.92%;--awb-margin-bottom-large:65px;--awb-spacing-left-large:1.92%;--awb-width-medium:100%;--awb-order-medium:0;--awb-spacing-right-medium:1.92%;--awb-spacing-left-medium:1.92%;--awb-width-small:100%;--awb-order-small:0;--awb-spacing-right-small:1.92%;--awb-margin-bottom-small:35px;--awb-spacing-left-small:1.92%;\"><div class=\"fusion-column-wrapper fusion-column-has-shadow fusion-flex-justify-content-flex-start fusion-content-layout-column\"><div class=\"fusion-text fusion-text-1\" style=\"--awb-content-alignment:justify;--awb-font-size:20px;--awb-line-height:32px;--awb-text-font-family:&quot;Lexend&quot;;--awb-text-font-style:normal;--awb-text-font-weight:300;\"><section style=\"text-align: center;\">\n<span style=\"color: var(--awb-custom_color_3); font-family: Lato;\" data-fusion-font=\"true\" data-fusion-google-font=\"Lato\" data-fusion-google-variant=\"100\"><span style=\"font-family: Lato; font-weight: 400; font-size: 16px;\" data-fusion-font=\"true\" data-fusion-google-font=\"Lato\" data-fusion-google-variant=\"400\">Todas las acciones se integran en los seminarios de innovaci\u00f3n del <\/span><b style=\"color: var(--awb-custom_color_4); font-family: Lato; font-size: 16px;\" data-fusion-font=\"true\" data-fusion-google-font=\"Lato\" data-fusion-google-variant=\"400\">m\u00e1ster DATAFOREST<\/b><span style=\"font-family: Lato; font-weight: 400; font-size: 16px;\" data-fusion-font=\"true\" data-fusion-google-font=\"Lato\" data-fusion-google-variant=\"400\"> que se imparte en el Campus de Palencia de la Universidad de Valladolid<\/span><\/span><br \/>\n<\/section>\n<p style=\"text-align: center;\"><span style=\"color: var(--awb-custom_color_3); font-family: Lato;\" data-fusion-font=\"true\" data-fusion-google-font=\"Lato\" data-fusion-google-variant=\"100\"><span style=\"font-family: Lato; font-weight: 400; font-size: 16px;\" data-fusion-font=\"true\" data-fusion-google-font=\"Lato\" data-fusion-google-variant=\"400\"><br \/><\/span><\/span><\/p>\n<section>\n<div class=\"noticia-entradilla\">\n<p style=\"color: var(--awb-custom_color_3); font-family: Lato;\" data-fusion-font=\"true\" data-fusion-google-font=\"Lato\" data-fusion-google-variant=\"100\"><span style=\"font-family: Lato; font-weight: 400; font-size: 16px;\" data-fusion-font=\"true\" data-fusion-google-font=\"Lato\" data-fusion-google-variant=\"400\">La <\/span><b style=\"color: var(--awb-custom_color_4); font-family: Lato; font-size: 16px;\" data-fusion-font=\"true\" data-fusion-google-font=\"Lato\" data-fusion-google-variant=\"400\">c\u00e1tedra SMART Global Ecosystems<\/b><span style=\"font-family: Lato; font-weight: 400; font-size: 16px;\" data-fusion-font=\"true\" data-fusion-google-font=\"Lato\" data-fusion-google-variant=\"400\">, una alianza entre la Universidad de Valladolid (Campus de Palencia) y la compa\u00f1\u00eda tecnol\u00f3gica SNGULAR, ha presentado sus actividades de inteligencia artificial en el Congreso Forestal Mundial que se celebra del 2 al 6 de mayo en la Rep\u00fablica de Corea.<\/span><\/p>\n<\/div>\n<\/section>\n<section>\n<div class=\"noticia-cuerpo\">\n<p style=\"color: var(--awb-custom_color_3); font-family: Lato; font-weight: 400; font-size: 16px;\" data-fusion-font=\"true\" data-fusion-google-font=\"Lato\" data-fusion-google-variant=\"400\">En este marco, la C\u00e1tedra ha mostrado c\u00f3mo las alianzas p\u00fablico-privadas representadas por SNGULAR y la Universidad de Valladolid pueden poner las tecnolog\u00edas de vanguardia, como la inteligencia artificial, al servicio del cumplimento de los Objetivos de Desarrollo Sostenible (ODS). Porque \u00e9ste ha sido uno de los temas abordados en el Congreso, el papel de los bosques en la Agenda de Desarrollo Global (Agenda 2030) y otros acuerdos internacionales de alto nivel.<\/p>\n<p style=\"color: var(--awb-custom_color_3); font-family: Lato; font-weight: 400; font-size: 16px;\" data-fusion-font=\"true\" data-fusion-google-font=\"Lato\" data-fusion-google-variant=\"400\">Las tecnolog\u00edas de la informaci\u00f3n y la comunicaci\u00f3n junto con el an\u00e1lisis masivo de datos abren un mundo de oportunidades para poner en marcha acciones formativas, de investigaci\u00f3n y de sensibilizaci\u00f3n social para difundir los m\u00e9todos y ejecutar acciones de sostenibilidad. As\u00ed la c\u00e1tedra ya est\u00e1 articulando acciones para potenciar el uso de la inteligencia artificial en la gesti\u00f3n y conservaci\u00f3n de ecosistemas.<\/p>\n<p style=\"color: var(--awb-custom_color_3); font-family: Lato; font-weight: 400; font-size: 16px;\" data-fusion-font=\"true\" data-fusion-google-font=\"Lato\" data-fusion-google-variant=\"400\">SMART Global Ecosystems ha desarrollado diversos proyectos con estudiantes del m\u00e1ster DATAFOREST (Universidad de Valladolid) y de la Vietnam National University-University of Science a trav\u00e9s de los cuales se ha conseguido que los participantes conozcan los fundamentos de la inteligencia artificial aplicada a los recursos naturales y desarrollen estrategias para aplicar algoritmos de inteligencia artificial para identificar tanto \u00e1rboles de grandes dimensiones como \u00e1rboles muertos en el bosque. La investigaci\u00f3n de iuFOR (Instituto de Investigaci\u00f3n en Gesti\u00f3n Forestal Sostenible) y de la Escuela de Ingenier\u00edas Agrarias de Palencia se ver\u00e1 fortalecida con estos proyectos.<\/p>\n<p style=\"color: var(--awb-custom_color_3); font-family: Lato; font-weight: 400; font-size: 16px;\" data-fusion-font=\"true\" data-fusion-google-font=\"Lato\" data-fusion-google-variant=\"400\">Durante el Congreso Forestal Mundial se han generado y explorado ideas para aplicar la inteligencia artificial a la sostenibilidad de los bosques y su gesti\u00f3n. Todas estas ideas que desarrolla la c\u00e1tedra SMART Global Ecosystems sobre inteligencia artificial se integran en los seminarios de innovaci\u00f3n del m\u00e1ster DATAFOREST que se imparte en el campus de Palencia de la Universidad de Valladolid.<\/p>\n<p><span style=\"color: #ba824a;\"><span style=\"color: var(--awb-custom_color_3); font-family: Lato; font-size: 16px;\" data-fusion-font=\"true\" data-fusion-google-font=\"Lato\" data-fusion-google-variant=\"400\"><b style=\"color: var(--awb-custom_color_4);\">C\u00e1tedra Smart Global Ecosystems<\/b><\/span><\/span><\/p>\n<p style=\"color: var(--awb-custom_color_3); font-family: Lato; font-weight: 400; font-size: 16px;\" data-fusion-font=\"true\" data-fusion-google-font=\"Lato\" data-fusion-google-variant=\"400\">La c\u00e1tedra SMART Global Ecosystems es una alianza entre la Universidad de Valladolid (campus de Palencia) y SNGULAR, compa\u00f1\u00eda tecnol\u00f3gica, que promueve la sostenibilidad de los ecosistemas mediante el uso de las tecnolog\u00edas de la informaci\u00f3n y las comunicaciones (TICs), la inteligencia artificial y el an\u00e1lisis masivo de datos.<\/p>\n<p><span style=\"color: #ba824a;\"><span style=\"color: var(--awb-custom_color_3); font-family: Lato; font-size: 16px;\" data-fusion-font=\"true\" data-fusion-google-font=\"Lato\" data-fusion-google-variant=\"400\"><b style=\"color: var(--awb-custom_color_4);\">Congreso Forestal Mundial<\/b><\/span><\/span><\/p>\n<p style=\"color: var(--awb-custom_color_3); font-family: Lato; font-weight: 400; font-size: 16px;\" data-fusion-font=\"true\" data-fusion-google-font=\"Lato\" data-fusion-google-variant=\"400\">El Congreso Forestal Mundial se celebra desde 1926 cada seis a\u00f1os y es la reuni\u00f3n forestal internacional m\u00e1s importante del mundo. Desde sus inicios, este Congreso ha servido para debatir los retos y las orientaciones del sector forestal. En esta ocasi\u00f3n, lleva como lema \u201cConstruir un futuro verde, saludable y resiliente con los bosques\u201d, y se ha estructurado en 6 subtemas: cambiando la tendencia: revertir la deforestaci\u00f3n y la degradaci\u00f3n forestal; soluciones basadas en la naturaleza para la adaptaci\u00f3n al cambio clim\u00e1tico y, la mitigaci\u00f3n de sus efectos y la conservaci\u00f3n de la diversidad biol\u00f3gica; el camino verde hacia el crecimiento y la sostenibilidad; sanidad forestal y salud humana: revisi\u00f3n de las interconexiones; gesti\u00f3n y comunicaci\u00f3n de informaci\u00f3n y conocimiento forestales; bosques sin fronteras: mejorar la gesti\u00f3n y la cooperaci\u00f3n.<\/p>\n<\/div>\n<\/section>\n<\/div><\/div><\/div><\/div><\/div><div class=\"fusion-fullwidth fullwidth-box fusion-builder-row-2 fusion-flex-container nonhundred-percent-fullwidth non-hundred-percent-height-scrolling\" style=\"--awb-border-radius-top-left:0px;--awb-border-radius-top-right:0px;--awb-border-radius-bottom-right:0px;--awb-border-radius-bottom-left:0px;--awb-margin-bottom:45px;--awb-flex-wrap:wrap;\" ><div class=\"fusion-builder-row fusion-row fusion-flex-align-items-flex-start fusion-flex-content-wrap\" style=\"max-width:1289.6px;margin-left: calc(-4% \/ 2 );margin-right: calc(-4% \/ 2 );\"><\/div><\/div><\/p>\n","protected":false},"excerpt":{"rendered":"","protected":false},"author":2,"featured_media":11181,"comment_status":"open","ping_status":"open","sticky":false,"template":"","format":"standard","meta":{"_acf_changed":false,"footnotes":""},"categories":[129],"tags":[],"class_list":["post-65","post","type-post","status-publish","format-standard","has-post-thumbnail","hentry","category-noticia"],"acf":[],"yoast_head":"<!-- This site is optimized with the Yoast SEO plugin v27.4 - https:\/\/yoast.com\/product\/yoast-seo-wordpress\/ -->\n<title>La c\u00e1tedra de empresa SMART Global Ecosystems presenta sus actividades de inteligencia artificial en el Congreso Forestal Mundial - IUFOR<\/title>\n<meta name=\"robots\" content=\"index, follow, max-snippet:-1, max-image-preview:large, max-video-preview:-1\" \/>\n<link rel=\"canonical\" href=\"https:\/\/www.programador.online\/uifor\/catedra-smart-global-ecosystems-inteligencia-artificial-congreso-forestal-mundial\/\" \/>\n<meta property=\"og:locale\" content=\"es_ES\" \/>\n<meta property=\"og:type\" content=\"article\" \/>\n<meta property=\"og:title\" content=\"La c\u00e1tedra de empresa SMART Global Ecosystems presenta sus actividades de inteligencia artificial en el Congreso Forestal Mundial - IUFOR\" \/>\n<meta property=\"og:url\" content=\"https:\/\/www.programador.online\/uifor\/catedra-smart-global-ecosystems-inteligencia-artificial-congreso-forestal-mundial\/\" \/>\n<meta property=\"og:site_name\" content=\"IUFOR\" \/>\n<meta property=\"article:published_time\" content=\"2022-05-06T08:57:43+00:00\" \/>\n<meta property=\"article:modified_time\" content=\"2023-08-24T10:35:15+00:00\" \/>\n<meta property=\"og:image\" content=\"https:\/\/www.programador.online\/uifor\/wp-content\/uploads\/2022\/07\/Bravo-Coreabuena-recortada.jpg\" \/>\n\t<meta property=\"og:image:width\" content=\"890\" \/>\n\t<meta property=\"og:image:height\" content=\"786\" \/>\n\t<meta property=\"og:image:type\" content=\"image\/jpeg\" \/>\n<meta name=\"author\" content=\"IUFOR\" \/>\n<meta name=\"twitter:card\" content=\"summary_large_image\" \/>\n<meta name=\"twitter:label1\" content=\"Escrito por\" \/>\n\t<meta name=\"twitter:data1\" content=\"IUFOR\" \/>\n\t<meta name=\"twitter:label2\" content=\"Tiempo de lectura\" \/>\n\t<meta name=\"twitter:data2\" content=\"7 minutos\" \/>\n<script type=\"application\/ld+json\" class=\"yoast-schema-graph\">{\"@context\":\"https:\\\/\\\/schema.org\",\"@graph\":[{\"@type\":\"Article\",\"@id\":\"https:\\\/\\\/www.programador.online\\\/uifor\\\/catedra-smart-global-ecosystems-inteligencia-artificial-congreso-forestal-mundial\\\/#article\",\"isPartOf\":{\"@id\":\"https:\\\/\\\/www.programador.online\\\/uifor\\\/catedra-smart-global-ecosystems-inteligencia-artificial-congreso-forestal-mundial\\\/\"},\"author\":{\"name\":\"IUFOR\",\"@id\":\"https:\\\/\\\/www.programador.online\\\/uifor\\\/#\\\/schema\\\/person\\\/da2110b17d1b0161a9e3525dde216783\"},\"headline\":\"La c\u00e1tedra de empresa SMART Global Ecosystems presenta sus actividades de inteligencia artificial en el Congreso Forestal Mundial\",\"datePublished\":\"2022-05-06T08:57:43+00:00\",\"dateModified\":\"2023-08-24T10:35:15+00:00\",\"mainEntityOfPage\":{\"@id\":\"https:\\\/\\\/www.programador.online\\\/uifor\\\/catedra-smart-global-ecosystems-inteligencia-artificial-congreso-forestal-mundial\\\/\"},\"wordCount\":1439,\"commentCount\":0,\"image\":{\"@id\":\"https:\\\/\\\/www.programador.online\\\/uifor\\\/catedra-smart-global-ecosystems-inteligencia-artificial-congreso-forestal-mundial\\\/#primaryimage\"},\"thumbnailUrl\":\"https:\\\/\\\/www.programador.online\\\/uifor\\\/wp-content\\\/uploads\\\/2022\\\/07\\\/Bravo-Coreabuena-recortada.jpg\",\"articleSection\":[\"Noticia\"],\"inLanguage\":\"es\",\"potentialAction\":[{\"@type\":\"CommentAction\",\"name\":\"Comment\",\"target\":[\"https:\\\/\\\/www.programador.online\\\/uifor\\\/catedra-smart-global-ecosystems-inteligencia-artificial-congreso-forestal-mundial\\\/#respond\"]}]},{\"@type\":\"WebPage\",\"@id\":\"https:\\\/\\\/www.programador.online\\\/uifor\\\/catedra-smart-global-ecosystems-inteligencia-artificial-congreso-forestal-mundial\\\/\",\"url\":\"https:\\\/\\\/www.programador.online\\\/uifor\\\/catedra-smart-global-ecosystems-inteligencia-artificial-congreso-forestal-mundial\\\/\",\"name\":\"La c\u00e1tedra de empresa SMART Global Ecosystems presenta sus actividades de inteligencia artificial en el Congreso Forestal Mundial - IUFOR\",\"isPartOf\":{\"@id\":\"https:\\\/\\\/www.programador.online\\\/uifor\\\/#website\"},\"primaryImageOfPage\":{\"@id\":\"https:\\\/\\\/www.programador.online\\\/uifor\\\/catedra-smart-global-ecosystems-inteligencia-artificial-congreso-forestal-mundial\\\/#primaryimage\"},\"image\":{\"@id\":\"https:\\\/\\\/www.programador.online\\\/uifor\\\/catedra-smart-global-ecosystems-inteligencia-artificial-congreso-forestal-mundial\\\/#primaryimage\"},\"thumbnailUrl\":\"https:\\\/\\\/www.programador.online\\\/uifor\\\/wp-content\\\/uploads\\\/2022\\\/07\\\/Bravo-Coreabuena-recortada.jpg\",\"datePublished\":\"2022-05-06T08:57:43+00:00\",\"dateModified\":\"2023-08-24T10:35:15+00:00\",\"author\":{\"@id\":\"https:\\\/\\\/www.programador.online\\\/uifor\\\/#\\\/schema\\\/person\\\/da2110b17d1b0161a9e3525dde216783\"},\"breadcrumb\":{\"@id\":\"https:\\\/\\\/www.programador.online\\\/uifor\\\/catedra-smart-global-ecosystems-inteligencia-artificial-congreso-forestal-mundial\\\/#breadcrumb\"},\"inLanguage\":\"es\",\"potentialAction\":[{\"@type\":\"ReadAction\",\"target\":[\"https:\\\/\\\/www.programador.online\\\/uifor\\\/catedra-smart-global-ecosystems-inteligencia-artificial-congreso-forestal-mundial\\\/\"]}]},{\"@type\":\"ImageObject\",\"inLanguage\":\"es\",\"@id\":\"https:\\\/\\\/www.programador.online\\\/uifor\\\/catedra-smart-global-ecosystems-inteligencia-artificial-congreso-forestal-mundial\\\/#primaryimage\",\"url\":\"https:\\\/\\\/www.programador.online\\\/uifor\\\/wp-content\\\/uploads\\\/2022\\\/07\\\/Bravo-Coreabuena-recortada.jpg\",\"contentUrl\":\"https:\\\/\\\/www.programador.online\\\/uifor\\\/wp-content\\\/uploads\\\/2022\\\/07\\\/Bravo-Coreabuena-recortada.jpg\",\"width\":890,\"height\":786},{\"@type\":\"BreadcrumbList\",\"@id\":\"https:\\\/\\\/www.programador.online\\\/uifor\\\/catedra-smart-global-ecosystems-inteligencia-artificial-congreso-forestal-mundial\\\/#breadcrumb\",\"itemListElement\":[{\"@type\":\"ListItem\",\"position\":1,\"name\":\"Home\",\"item\":\"https:\\\/\\\/www.programador.online\\\/uifor\\\/\"},{\"@type\":\"ListItem\",\"position\":2,\"name\":\"La c\u00e1tedra de empresa SMART Global Ecosystems presenta sus actividades de inteligencia artificial en el Congreso Forestal Mundial\"}]},{\"@type\":\"WebSite\",\"@id\":\"https:\\\/\\\/www.programador.online\\\/uifor\\\/#website\",\"url\":\"https:\\\/\\\/www.programador.online\\\/uifor\\\/\",\"name\":\"IUFOR\",\"description\":\"Instituto Universitario de Investigaci\u00f3n en Gesti\u00f3n Forestal Sostenible\",\"potentialAction\":[{\"@type\":\"SearchAction\",\"target\":{\"@type\":\"EntryPoint\",\"urlTemplate\":\"https:\\\/\\\/www.programador.online\\\/uifor\\\/?s={search_term_string}\"},\"query-input\":{\"@type\":\"PropertyValueSpecification\",\"valueRequired\":true,\"valueName\":\"search_term_string\"}}],\"inLanguage\":\"es\"},{\"@type\":\"Person\",\"@id\":\"https:\\\/\\\/www.programador.online\\\/uifor\\\/#\\\/schema\\\/person\\\/da2110b17d1b0161a9e3525dde216783\",\"name\":\"IUFOR\",\"image\":{\"@type\":\"ImageObject\",\"inLanguage\":\"es\",\"@id\":\"https:\\\/\\\/secure.gravatar.com\\\/avatar\\\/7a25de614035b9bf7fbc6c2b5f1661145f205724f3712e1947f913aea168cb3a?s=96&d=mm&r=g\",\"url\":\"https:\\\/\\\/secure.gravatar.com\\\/avatar\\\/7a25de614035b9bf7fbc6c2b5f1661145f205724f3712e1947f913aea168cb3a?s=96&d=mm&r=g\",\"contentUrl\":\"https:\\\/\\\/secure.gravatar.com\\\/avatar\\\/7a25de614035b9bf7fbc6c2b5f1661145f205724f3712e1947f913aea168cb3a?s=96&d=mm&r=g\",\"caption\":\"IUFOR\"},\"sameAs\":[\"https:\\\/\\\/iufor.palencia.uva.es\"],\"url\":\"https:\\\/\\\/www.programador.online\\\/uifor\\\/author\\\/admin\\\/\"}]}<\/script>\n<!-- \/ Yoast SEO plugin. -->","yoast_head_json":{"title":"La c\u00e1tedra de empresa SMART Global Ecosystems presenta sus actividades de inteligencia artificial en el Congreso Forestal Mundial - IUFOR","robots":{"index":"index","follow":"follow","max-snippet":"max-snippet:-1","max-image-preview":"max-image-preview:large","max-video-preview":"max-video-preview:-1"},"canonical":"https:\/\/www.programador.online\/uifor\/catedra-smart-global-ecosystems-inteligencia-artificial-congreso-forestal-mundial\/","og_locale":"es_ES","og_type":"article","og_title":"La c\u00e1tedra de empresa SMART Global Ecosystems presenta sus actividades de inteligencia artificial en el Congreso Forestal Mundial - IUFOR","og_url":"https:\/\/www.programador.online\/uifor\/catedra-smart-global-ecosystems-inteligencia-artificial-congreso-forestal-mundial\/","og_site_name":"IUFOR","article_published_time":"2022-05-06T08:57:43+00:00","article_modified_time":"2023-08-24T10:35:15+00:00","og_image":[{"width":890,"height":786,"url":"https:\/\/www.programador.online\/uifor\/wp-content\/uploads\/2022\/07\/Bravo-Coreabuena-recortada.jpg","type":"image\/jpeg"}],"author":"IUFOR","twitter_card":"summary_large_image","twitter_misc":{"Escrito por":"IUFOR","Tiempo de lectura":"7 minutos"},"schema":{"@context":"https:\/\/schema.org","@graph":[{"@type":"Article","@id":"https:\/\/www.programador.online\/uifor\/catedra-smart-global-ecosystems-inteligencia-artificial-congreso-forestal-mundial\/#article","isPartOf":{"@id":"https:\/\/www.programador.online\/uifor\/catedra-smart-global-ecosystems-inteligencia-artificial-congreso-forestal-mundial\/"},"author":{"name":"IUFOR","@id":"https:\/\/www.programador.online\/uifor\/#\/schema\/person\/da2110b17d1b0161a9e3525dde216783"},"headline":"La c\u00e1tedra de empresa SMART Global Ecosystems presenta sus actividades de inteligencia artificial en el Congreso Forestal Mundial","datePublished":"2022-05-06T08:57:43+00:00","dateModified":"2023-08-24T10:35:15+00:00","mainEntityOfPage":{"@id":"https:\/\/www.programador.online\/uifor\/catedra-smart-global-ecosystems-inteligencia-artificial-congreso-forestal-mundial\/"},"wordCount":1439,"commentCount":0,"image":{"@id":"https:\/\/www.programador.online\/uifor\/catedra-smart-global-ecosystems-inteligencia-artificial-congreso-forestal-mundial\/#primaryimage"},"thumbnailUrl":"https:\/\/www.programador.online\/uifor\/wp-content\/uploads\/2022\/07\/Bravo-Coreabuena-recortada.jpg","articleSection":["Noticia"],"inLanguage":"es","potentialAction":[{"@type":"CommentAction","name":"Comment","target":["https:\/\/www.programador.online\/uifor\/catedra-smart-global-ecosystems-inteligencia-artificial-congreso-forestal-mundial\/#respond"]}]},{"@type":"WebPage","@id":"https:\/\/www.programador.online\/uifor\/catedra-smart-global-ecosystems-inteligencia-artificial-congreso-forestal-mundial\/","url":"https:\/\/www.programador.online\/uifor\/catedra-smart-global-ecosystems-inteligencia-artificial-congreso-forestal-mundial\/","name":"La c\u00e1tedra de empresa SMART Global Ecosystems presenta sus actividades de inteligencia artificial en el Congreso Forestal Mundial - IUFOR","isPartOf":{"@id":"https:\/\/www.programador.online\/uifor\/#website"},"primaryImageOfPage":{"@id":"https:\/\/www.programador.online\/uifor\/catedra-smart-global-ecosystems-inteligencia-artificial-congreso-forestal-mundial\/#primaryimage"},"image":{"@id":"https:\/\/www.programador.online\/uifor\/catedra-smart-global-ecosystems-inteligencia-artificial-congreso-forestal-mundial\/#primaryimage"},"thumbnailUrl":"https:\/\/www.programador.online\/uifor\/wp-content\/uploads\/2022\/07\/Bravo-Coreabuena-recortada.jpg","datePublished":"2022-05-06T08:57:43+00:00","dateModified":"2023-08-24T10:35:15+00:00","author":{"@id":"https:\/\/www.programador.online\/uifor\/#\/schema\/person\/da2110b17d1b0161a9e3525dde216783"},"breadcrumb":{"@id":"https:\/\/www.programador.online\/uifor\/catedra-smart-global-ecosystems-inteligencia-artificial-congreso-forestal-mundial\/#breadcrumb"},"inLanguage":"es","potentialAction":[{"@type":"ReadAction","target":["https:\/\/www.programador.online\/uifor\/catedra-smart-global-ecosystems-inteligencia-artificial-congreso-forestal-mundial\/"]}]},{"@type":"ImageObject","inLanguage":"es","@id":"https:\/\/www.programador.online\/uifor\/catedra-smart-global-ecosystems-inteligencia-artificial-congreso-forestal-mundial\/#primaryimage","url":"https:\/\/www.programador.online\/uifor\/wp-content\/uploads\/2022\/07\/Bravo-Coreabuena-recortada.jpg","contentUrl":"https:\/\/www.programador.online\/uifor\/wp-content\/uploads\/2022\/07\/Bravo-Coreabuena-recortada.jpg","width":890,"height":786},{"@type":"BreadcrumbList","@id":"https:\/\/www.programador.online\/uifor\/catedra-smart-global-ecosystems-inteligencia-artificial-congreso-forestal-mundial\/#breadcrumb","itemListElement":[{"@type":"ListItem","position":1,"name":"Home","item":"https:\/\/www.programador.online\/uifor\/"},{"@type":"ListItem","position":2,"name":"La c\u00e1tedra de empresa SMART Global Ecosystems presenta sus actividades de inteligencia artificial en el Congreso Forestal Mundial"}]},{"@type":"WebSite","@id":"https:\/\/www.programador.online\/uifor\/#website","url":"https:\/\/www.programador.online\/uifor\/","name":"IUFOR","description":"Instituto Universitario de Investigaci\u00f3n en Gesti\u00f3n Forestal Sostenible","potentialAction":[{"@type":"SearchAction","target":{"@type":"EntryPoint","urlTemplate":"https:\/\/www.programador.online\/uifor\/?s={search_term_string}"},"query-input":{"@type":"PropertyValueSpecification","valueRequired":true,"valueName":"search_term_string"}}],"inLanguage":"es"},{"@type":"Person","@id":"https:\/\/www.programador.online\/uifor\/#\/schema\/person\/da2110b17d1b0161a9e3525dde216783","name":"IUFOR","image":{"@type":"ImageObject","inLanguage":"es","@id":"https:\/\/secure.gravatar.com\/avatar\/7a25de614035b9bf7fbc6c2b5f1661145f205724f3712e1947f913aea168cb3a?s=96&d=mm&r=g","url":"https:\/\/secure.gravatar.com\/avatar\/7a25de614035b9bf7fbc6c2b5f1661145f205724f3712e1947f913aea168cb3a?s=96&d=mm&r=g","contentUrl":"https:\/\/secure.gravatar.com\/avatar\/7a25de614035b9bf7fbc6c2b5f1661145f205724f3712e1947f913aea168cb3a?s=96&d=mm&r=g","caption":"IUFOR"},"sameAs":["https:\/\/iufor.palencia.uva.es"],"url":"https:\/\/www.programador.online\/uifor\/author\/admin\/"}]}},"_links":{"self":[{"href":"https:\/\/www.programador.online\/uifor\/wp-json\/wp\/v2\/posts\/65","targetHints":{"allow":["GET"]}}],"collection":[{"href":"https:\/\/www.programador.online\/uifor\/wp-json\/wp\/v2\/posts"}],"about":[{"href":"https:\/\/www.programador.online\/uifor\/wp-json\/wp\/v2\/types\/post"}],"author":[{"embeddable":true,"href":"https:\/\/www.programador.online\/uifor\/wp-json\/wp\/v2\/users\/2"}],"replies":[{"embeddable":true,"href":"https:\/\/www.programador.online\/uifor\/wp-json\/wp\/v2\/comments?post=65"}],"version-history":[{"count":0,"href":"https:\/\/www.programador.online\/uifor\/wp-json\/wp\/v2\/posts\/65\/revisions"}],"wp:featuredmedia":[{"embeddable":true,"href":"https:\/\/www.programador.online\/uifor\/wp-json\/wp\/v2\/media\/11181"}],"wp:attachment":[{"href":"https:\/\/www.programador.online\/uifor\/wp-json\/wp\/v2\/media?parent=65"}],"wp:term":[{"taxonomy":"category","embeddable":true,"href":"https:\/\/www.programador.online\/uifor\/wp-json\/wp\/v2\/categories?post=65"},{"taxonomy":"post_tag","embeddable":true,"href":"https:\/\/www.programador.online\/uifor\/wp-json\/wp\/v2\/tags?post=65"}],"curies":[{"name":"wp","href":"https:\/\/api.w.org\/{rel}","templated":true}]}}