{"id":63,"date":"2022-10-06T10:57:43","date_gmt":"2022-10-06T08:57:43","guid":{"rendered":"https:\/\/157.88.224.245\/?p=63"},"modified":"2023-08-24T12:33:51","modified_gmt":"2023-08-24T10:33:51","slug":"unididades-de-excelencia-de-la-uva-reciben-formacion-para-transformar-sus-proyectos","status":"publish","type":"post","link":"https:\/\/www.programador.online\/uifor\/unididades-de-excelencia-de-la-uva-reciben-formacion-para-transformar-sus-proyectos\/","title":{"rendered":"Las tres unidades de excelencia de la UVa reciben formaci\u00f3n para transformar sus proyectos de investigaci\u00f3n en propuestas &#8220;vendibles&#8221;"},"content":{"rendered":"<p><div class=\"fusion-fullwidth fullwidth-box fusion-builder-row-1 fusion-flex-container nonhundred-percent-fullwidth non-hundred-percent-height-scrolling\" style=\"--awb-border-radius-top-left:0px;--awb-border-radius-top-right:0px;--awb-border-radius-bottom-right:0px;--awb-border-radius-bottom-left:0px;--awb-flex-wrap:wrap;\" ><div class=\"fusion-builder-row fusion-row fusion-flex-align-items-flex-start fusion-flex-content-wrap\" style=\"max-width:1289.6px;margin-left: calc(-4% \/ 2 );margin-right: calc(-4% \/ 2 );\"><div class=\"fusion-layout-column fusion_builder_column fusion-builder-column-0 fusion_builder_column_1_1 1_1 fusion-flex-column\" style=\"--awb-bg-size:cover;--awb-width-large:100%;--awb-margin-top-large:0px;--awb-spacing-right-large:0%;--awb-margin-bottom-large:65px;--awb-spacing-left-large:0%;--awb-width-medium:100%;--awb-order-medium:0;--awb-spacing-right-medium:0%;--awb-spacing-left-medium:0%;--awb-width-small:100%;--awb-order-small:0;--awb-spacing-right-small:1.92%;--awb-margin-bottom-small:50px;--awb-spacing-left-small:1.92%;\"><div class=\"fusion-column-wrapper fusion-column-has-shadow fusion-flex-justify-content-flex-start fusion-content-layout-column\"><div class=\"fusion-image-element \" style=\"text-align:center;--awb-aspect-ratio:16 \/ 9;--awb-caption-title-font-family:var(--h2_typography-font-family);--awb-caption-title-font-weight:var(--h2_typography-font-weight);--awb-caption-title-font-style:var(--h2_typography-font-style);--awb-caption-title-size:var(--h2_typography-font-size);--awb-caption-title-transform:var(--h2_typography-text-transform);--awb-caption-title-line-height:var(--h2_typography-line-height);--awb-caption-title-letter-spacing:var(--h2_typography-letter-spacing);\"><span class=\" fusion-imageframe imageframe-none imageframe-1 hover-type-none has-aspect-ratio\"><img fetchpriority=\"high\" fetchpriority=\"high\" decoding=\"async\" width=\"967\" height=\"648\" title=\"Foto-IPS\" src=\"http:\/\/iufor.palencia.uva.es\/wp-content\/uploads\/2022\/07\/Foto-IPS.jpg\" class=\"img-responsive wp-image-11194 img-with-aspect-ratio\" data-parent-fit=\"cover\" data-parent-container=\".fusion-image-element\" alt srcset=\"https:\/\/www.programador.online\/uifor\/wp-content\/uploads\/2022\/07\/Foto-IPS-200x134.jpg 200w, https:\/\/www.programador.online\/uifor\/wp-content\/uploads\/2022\/07\/Foto-IPS-400x268.jpg 400w, https:\/\/www.programador.online\/uifor\/wp-content\/uploads\/2022\/07\/Foto-IPS-600x402.jpg 600w, https:\/\/www.programador.online\/uifor\/wp-content\/uploads\/2022\/07\/Foto-IPS-800x536.jpg 800w, https:\/\/www.programador.online\/uifor\/wp-content\/uploads\/2022\/07\/Foto-IPS.jpg 967w\" sizes=\"(max-width: 640px) 100vw, 967px\" \/><\/span><\/div><\/div><\/div><div class=\"fusion-layout-column fusion_builder_column fusion-builder-column-1 fusion_builder_column_1_1 1_1 fusion-flex-column\" style=\"--awb-padding-right:60px;--awb-padding-left:60px;--awb-bg-size:cover;--awb-width-large:100%;--awb-margin-top-large:0px;--awb-spacing-right-large:1.92%;--awb-margin-bottom-large:65px;--awb-spacing-left-large:1.92%;--awb-width-medium:100%;--awb-order-medium:0;--awb-spacing-right-medium:1.92%;--awb-spacing-left-medium:1.92%;--awb-width-small:100%;--awb-order-small:0;--awb-spacing-right-small:1.92%;--awb-margin-bottom-small:35px;--awb-spacing-left-small:1.92%;\"><div class=\"fusion-column-wrapper fusion-column-has-shadow fusion-flex-justify-content-flex-start fusion-content-layout-column\"><div class=\"fusion-text fusion-text-1\" style=\"--awb-content-alignment:justify;--awb-font-size:20px;--awb-line-height:32px;--awb-text-font-family:&quot;Lexend&quot;;--awb-text-font-style:normal;--awb-text-font-weight:300;\"><section>\n<div class=\"noticia-entradilla\">\n<p><span style=\"color: var(--awb-custom_color_3); font-size: 16px;\" data-fusion-font=\"true\">Los tres institutos universitarios de la Universidad de Valladolid que ostentan la condici\u00f3n de unidades de excelencia: <\/span><b style=\"color: var(--awb-custom_color_4); font-size: 16px;\" data-fusion-font=\"true\">Bioeconom\u00eda (Bioecouva), el Instituto de Investigaci\u00f3n en Gesti\u00f3n Forestal Sostenible (IUFor) y el Instituto de Investigaci\u00f3n en Procesos Sostenibles (ISP)<\/b><span data-fusion-font=\"true\" style=\"font-size: 16px;\">, <\/span><span style=\"color: var(--awb-custom_color_3);\"><span data-fusion-font=\"true\" style=\"font-size: 16px;\">han participado en el taller <\/span><b style=\"color: var(--awb-custom_color_4); font-size: 16px;\" data-fusion-font=\"true\">\u201cDeveloping a business case from your research project\u201d<\/b><span data-fusion-font=\"true\" style=\"font-size: 16px;\">, organizado por la Consejer\u00eda de Educaci\u00f3n de la Junta de Castilla y Le\u00f3n y el <\/span><b style=\"color: var(--awb-custom_color_4); font-size: 16px;\" data-fusion-font=\"true\">Instituto Europeo de investigaci\u00f3n y Tecnolog\u00eda (EIT-Food)<\/b><span data-fusion-font=\"true\" style=\"font-size: 16px;\">. Esta formaci\u00f3n supone una oportunidad de aprendizaje y de creaci\u00f3n de redes para transformar un proyecto de investigaci\u00f3n en una propuesta vendible.<\/span><\/span><\/p>\n<\/div>\n<\/section>\n<section>\n<div class=\"noticia-cuerpo\">\n<p style=\"color: var(--awb-custom_color_3); font-size: 16px;\" data-fusion-font=\"true\">El objetivo del taller era dar apoyo a investigadores de excelencia para que elaboren proyectos de investigaci\u00f3n industrial que pongan en valor resultados de investigaci\u00f3n de las estructuras de excelencia que se encuentren pr\u00f3ximos a la aplicaci\u00f3n en el mercado, y ofreci\u00e9ndoles la oportunidad de crear nuevas redes de investigaci\u00f3n y contactar con expertos que les apoyen en el desarrollo de propuestas comercializables basadas en las tecnolog\u00edas que ya se aplican. Estos proyectos se centran en el \u00e1mbito de la Econom\u00eda Circular y de la implantaci\u00f3n industrial de procesos neutros en carbono.<\/p>\n<p style=\"color: var(--awb-custom_color_3);\"><span data-fusion-font=\"true\" style=\"font-size: 16px;\">El taller cont\u00f3 con la participaci\u00f3n de <\/span><b style=\"color: var(--awb-custom_color_4); font-size: 16px;\" data-fusion-font=\"true\">Simon Maechling<\/b><span data-fusion-font=\"true\" style=\"font-size: 16px;\">, Innovation Manager de Bayer; <\/span><b style=\"color: var(--awb-custom_color_4); font-size: 16px;\" data-fusion-font=\"true\">\u00c1ngel Alonso<\/b><span data-fusion-font=\"true\" style=\"font-size: 16px;\">, Director de PepsiCo South West Europe; <\/span><b style=\"color: var(--awb-custom_color_4); font-size: 16px;\" data-fusion-font=\"true\">Miguel Garc\u00eda Gonz\u00e1lez<\/b><span data-fusion-font=\"true\" style=\"font-size: 16px;\">, de Sploro, consultora especializada en grandes proyectos de colaboraci\u00f3n empresarial, y el apoyo del Instituto Europeo de Investigaci\u00f3n y Tecnolog\u00eda.<\/span><\/p>\n<p style=\"color: var(--awb-custom_color_3); font-size: 16px;\" data-fusion-font=\"true\">Al taller asistieron cerca de 100 investigadores, de los que 40 lo hicieron de forma presencial, y fue inaugurado por la Consejera de Educaci\u00f3n de la Junta de Castilla y Le\u00f3n, Roc\u00edo Lucas; la RIS Programme Manager EIT Food, Elvira Domingo, y la Directora General de Universidades e Investigaci\u00f3n, Blanca Ares Gonz\u00e1lez.<\/p>\n<p style=\"color: var(--awb-custom_color_3); font-size: 16px;\" data-fusion-font=\"true\">En la fotograf\u00eda, correspondiente al momento de la inauguraci\u00f3n del taller, tambi\u00e9n se encuentra Miguel Garc\u00eda, responsable del desarrollo del caso a lo largo del taller, y los responsables de las unidades de excelencia de la UVa que colaboraron en la formaci\u00f3n.<\/p>\n<\/div>\n<\/section>\n<\/div><\/div><\/div><\/div><\/div><div class=\"fusion-fullwidth fullwidth-box fusion-builder-row-2 fusion-flex-container nonhundred-percent-fullwidth non-hundred-percent-height-scrolling\" style=\"--awb-border-radius-top-left:0px;--awb-border-radius-top-right:0px;--awb-border-radius-bottom-right:0px;--awb-border-radius-bottom-left:0px;--awb-margin-bottom:45px;--awb-flex-wrap:wrap;\" ><div class=\"fusion-builder-row fusion-row fusion-flex-align-items-flex-start fusion-flex-content-wrap\" style=\"max-width:1289.6px;margin-left: calc(-4% \/ 2 );margin-right: calc(-4% \/ 2 );\"><\/div><\/div><\/p>\n","protected":false},"excerpt":{"rendered":"","protected":false},"author":2,"featured_media":11194,"comment_status":"open","ping_status":"open","sticky":false,"template":"","format":"standard","meta":{"_acf_changed":false,"footnotes":""},"categories":[129],"tags":[],"class_list":["post-63","post","type-post","status-publish","format-standard","has-post-thumbnail","hentry","category-noticia"],"acf":[],"yoast_head":"<!-- This site is optimized with the Yoast SEO plugin v27.4 - https:\/\/yoast.com\/product\/yoast-seo-wordpress\/ -->\n<title>Las tres unidades de excelencia de la UVa reciben formaci\u00f3n para transformar sus proyectos de investigaci\u00f3n en propuestas &quot;vendibles&quot; - IUFOR<\/title>\n<meta name=\"robots\" content=\"index, follow, max-snippet:-1, max-image-preview:large, max-video-preview:-1\" \/>\n<link rel=\"canonical\" href=\"https:\/\/www.programador.online\/uifor\/unididades-de-excelencia-de-la-uva-reciben-formacion-para-transformar-sus-proyectos\/\" \/>\n<meta property=\"og:locale\" content=\"es_ES\" \/>\n<meta property=\"og:type\" content=\"article\" \/>\n<meta property=\"og:title\" content=\"Las tres unidades de excelencia de la UVa reciben formaci\u00f3n para transformar sus proyectos de investigaci\u00f3n en propuestas &quot;vendibles&quot; - IUFOR\" \/>\n<meta property=\"og:url\" content=\"https:\/\/www.programador.online\/uifor\/unididades-de-excelencia-de-la-uva-reciben-formacion-para-transformar-sus-proyectos\/\" \/>\n<meta property=\"og:site_name\" content=\"IUFOR\" \/>\n<meta property=\"article:published_time\" content=\"2022-10-06T08:57:43+00:00\" \/>\n<meta property=\"article:modified_time\" content=\"2023-08-24T10:33:51+00:00\" \/>\n<meta property=\"og:image\" content=\"https:\/\/www.programador.online\/uifor\/wp-content\/uploads\/2022\/07\/Foto-IPS.jpg\" \/>\n\t<meta property=\"og:image:width\" content=\"967\" \/>\n\t<meta property=\"og:image:height\" content=\"648\" \/>\n\t<meta property=\"og:image:type\" content=\"image\/jpeg\" \/>\n<meta name=\"author\" content=\"IUFOR\" \/>\n<meta name=\"twitter:card\" content=\"summary_large_image\" \/>\n<meta name=\"twitter:label1\" content=\"Escrito por\" \/>\n\t<meta name=\"twitter:data1\" content=\"IUFOR\" \/>\n\t<meta name=\"twitter:label2\" content=\"Tiempo de lectura\" \/>\n\t<meta name=\"twitter:data2\" content=\"6 minutos\" \/>\n<script type=\"application\/ld+json\" class=\"yoast-schema-graph\">{\"@context\":\"https:\\\/\\\/schema.org\",\"@graph\":[{\"@type\":\"Article\",\"@id\":\"https:\\\/\\\/www.programador.online\\\/uifor\\\/unididades-de-excelencia-de-la-uva-reciben-formacion-para-transformar-sus-proyectos\\\/#article\",\"isPartOf\":{\"@id\":\"https:\\\/\\\/www.programador.online\\\/uifor\\\/unididades-de-excelencia-de-la-uva-reciben-formacion-para-transformar-sus-proyectos\\\/\"},\"author\":{\"name\":\"IUFOR\",\"@id\":\"https:\\\/\\\/www.programador.online\\\/uifor\\\/#\\\/schema\\\/person\\\/da2110b17d1b0161a9e3525dde216783\"},\"headline\":\"Las tres unidades de excelencia de la UVa reciben formaci\u00f3n para transformar sus proyectos de investigaci\u00f3n en propuestas &#8220;vendibles&#8221;\",\"datePublished\":\"2022-10-06T08:57:43+00:00\",\"dateModified\":\"2023-08-24T10:33:51+00:00\",\"mainEntityOfPage\":{\"@id\":\"https:\\\/\\\/www.programador.online\\\/uifor\\\/unididades-de-excelencia-de-la-uva-reciben-formacion-para-transformar-sus-proyectos\\\/\"},\"wordCount\":1204,\"commentCount\":0,\"image\":{\"@id\":\"https:\\\/\\\/www.programador.online\\\/uifor\\\/unididades-de-excelencia-de-la-uva-reciben-formacion-para-transformar-sus-proyectos\\\/#primaryimage\"},\"thumbnailUrl\":\"https:\\\/\\\/www.programador.online\\\/uifor\\\/wp-content\\\/uploads\\\/2022\\\/07\\\/Foto-IPS.jpg\",\"articleSection\":[\"Noticia\"],\"inLanguage\":\"es\",\"potentialAction\":[{\"@type\":\"CommentAction\",\"name\":\"Comment\",\"target\":[\"https:\\\/\\\/www.programador.online\\\/uifor\\\/unididades-de-excelencia-de-la-uva-reciben-formacion-para-transformar-sus-proyectos\\\/#respond\"]}]},{\"@type\":\"WebPage\",\"@id\":\"https:\\\/\\\/www.programador.online\\\/uifor\\\/unididades-de-excelencia-de-la-uva-reciben-formacion-para-transformar-sus-proyectos\\\/\",\"url\":\"https:\\\/\\\/www.programador.online\\\/uifor\\\/unididades-de-excelencia-de-la-uva-reciben-formacion-para-transformar-sus-proyectos\\\/\",\"name\":\"Las tres unidades de excelencia de la UVa reciben formaci\u00f3n para transformar sus proyectos de investigaci\u00f3n en propuestas \\\"vendibles\\\" - IUFOR\",\"isPartOf\":{\"@id\":\"https:\\\/\\\/www.programador.online\\\/uifor\\\/#website\"},\"primaryImageOfPage\":{\"@id\":\"https:\\\/\\\/www.programador.online\\\/uifor\\\/unididades-de-excelencia-de-la-uva-reciben-formacion-para-transformar-sus-proyectos\\\/#primaryimage\"},\"image\":{\"@id\":\"https:\\\/\\\/www.programador.online\\\/uifor\\\/unididades-de-excelencia-de-la-uva-reciben-formacion-para-transformar-sus-proyectos\\\/#primaryimage\"},\"thumbnailUrl\":\"https:\\\/\\\/www.programador.online\\\/uifor\\\/wp-content\\\/uploads\\\/2022\\\/07\\\/Foto-IPS.jpg\",\"datePublished\":\"2022-10-06T08:57:43+00:00\",\"dateModified\":\"2023-08-24T10:33:51+00:00\",\"author\":{\"@id\":\"https:\\\/\\\/www.programador.online\\\/uifor\\\/#\\\/schema\\\/person\\\/da2110b17d1b0161a9e3525dde216783\"},\"breadcrumb\":{\"@id\":\"https:\\\/\\\/www.programador.online\\\/uifor\\\/unididades-de-excelencia-de-la-uva-reciben-formacion-para-transformar-sus-proyectos\\\/#breadcrumb\"},\"inLanguage\":\"es\",\"potentialAction\":[{\"@type\":\"ReadAction\",\"target\":[\"https:\\\/\\\/www.programador.online\\\/uifor\\\/unididades-de-excelencia-de-la-uva-reciben-formacion-para-transformar-sus-proyectos\\\/\"]}]},{\"@type\":\"ImageObject\",\"inLanguage\":\"es\",\"@id\":\"https:\\\/\\\/www.programador.online\\\/uifor\\\/unididades-de-excelencia-de-la-uva-reciben-formacion-para-transformar-sus-proyectos\\\/#primaryimage\",\"url\":\"https:\\\/\\\/www.programador.online\\\/uifor\\\/wp-content\\\/uploads\\\/2022\\\/07\\\/Foto-IPS.jpg\",\"contentUrl\":\"https:\\\/\\\/www.programador.online\\\/uifor\\\/wp-content\\\/uploads\\\/2022\\\/07\\\/Foto-IPS.jpg\",\"width\":967,\"height\":648},{\"@type\":\"BreadcrumbList\",\"@id\":\"https:\\\/\\\/www.programador.online\\\/uifor\\\/unididades-de-excelencia-de-la-uva-reciben-formacion-para-transformar-sus-proyectos\\\/#breadcrumb\",\"itemListElement\":[{\"@type\":\"ListItem\",\"position\":1,\"name\":\"Home\",\"item\":\"https:\\\/\\\/www.programador.online\\\/uifor\\\/\"},{\"@type\":\"ListItem\",\"position\":2,\"name\":\"Las tres unidades de excelencia de la UVa reciben formaci\u00f3n para transformar sus proyectos de investigaci\u00f3n en propuestas &#8220;vendibles&#8221;\"}]},{\"@type\":\"WebSite\",\"@id\":\"https:\\\/\\\/www.programador.online\\\/uifor\\\/#website\",\"url\":\"https:\\\/\\\/www.programador.online\\\/uifor\\\/\",\"name\":\"IUFOR\",\"description\":\"Instituto Universitario de Investigaci\u00f3n en Gesti\u00f3n Forestal Sostenible\",\"potentialAction\":[{\"@type\":\"SearchAction\",\"target\":{\"@type\":\"EntryPoint\",\"urlTemplate\":\"https:\\\/\\\/www.programador.online\\\/uifor\\\/?s={search_term_string}\"},\"query-input\":{\"@type\":\"PropertyValueSpecification\",\"valueRequired\":true,\"valueName\":\"search_term_string\"}}],\"inLanguage\":\"es\"},{\"@type\":\"Person\",\"@id\":\"https:\\\/\\\/www.programador.online\\\/uifor\\\/#\\\/schema\\\/person\\\/da2110b17d1b0161a9e3525dde216783\",\"name\":\"IUFOR\",\"image\":{\"@type\":\"ImageObject\",\"inLanguage\":\"es\",\"@id\":\"https:\\\/\\\/secure.gravatar.com\\\/avatar\\\/7a25de614035b9bf7fbc6c2b5f1661145f205724f3712e1947f913aea168cb3a?s=96&d=mm&r=g\",\"url\":\"https:\\\/\\\/secure.gravatar.com\\\/avatar\\\/7a25de614035b9bf7fbc6c2b5f1661145f205724f3712e1947f913aea168cb3a?s=96&d=mm&r=g\",\"contentUrl\":\"https:\\\/\\\/secure.gravatar.com\\\/avatar\\\/7a25de614035b9bf7fbc6c2b5f1661145f205724f3712e1947f913aea168cb3a?s=96&d=mm&r=g\",\"caption\":\"IUFOR\"},\"sameAs\":[\"https:\\\/\\\/iufor.palencia.uva.es\"],\"url\":\"https:\\\/\\\/www.programador.online\\\/uifor\\\/author\\\/admin\\\/\"}]}<\/script>\n<!-- \/ Yoast SEO plugin. -->","yoast_head_json":{"title":"Las tres unidades de excelencia de la UVa reciben formaci\u00f3n para transformar sus proyectos de investigaci\u00f3n en propuestas \"vendibles\" - IUFOR","robots":{"index":"index","follow":"follow","max-snippet":"max-snippet:-1","max-image-preview":"max-image-preview:large","max-video-preview":"max-video-preview:-1"},"canonical":"https:\/\/www.programador.online\/uifor\/unididades-de-excelencia-de-la-uva-reciben-formacion-para-transformar-sus-proyectos\/","og_locale":"es_ES","og_type":"article","og_title":"Las tres unidades de excelencia de la UVa reciben formaci\u00f3n para transformar sus proyectos de investigaci\u00f3n en propuestas \"vendibles\" - IUFOR","og_url":"https:\/\/www.programador.online\/uifor\/unididades-de-excelencia-de-la-uva-reciben-formacion-para-transformar-sus-proyectos\/","og_site_name":"IUFOR","article_published_time":"2022-10-06T08:57:43+00:00","article_modified_time":"2023-08-24T10:33:51+00:00","og_image":[{"width":967,"height":648,"url":"https:\/\/www.programador.online\/uifor\/wp-content\/uploads\/2022\/07\/Foto-IPS.jpg","type":"image\/jpeg"}],"author":"IUFOR","twitter_card":"summary_large_image","twitter_misc":{"Escrito por":"IUFOR","Tiempo de lectura":"6 minutos"},"schema":{"@context":"https:\/\/schema.org","@graph":[{"@type":"Article","@id":"https:\/\/www.programador.online\/uifor\/unididades-de-excelencia-de-la-uva-reciben-formacion-para-transformar-sus-proyectos\/#article","isPartOf":{"@id":"https:\/\/www.programador.online\/uifor\/unididades-de-excelencia-de-la-uva-reciben-formacion-para-transformar-sus-proyectos\/"},"author":{"name":"IUFOR","@id":"https:\/\/www.programador.online\/uifor\/#\/schema\/person\/da2110b17d1b0161a9e3525dde216783"},"headline":"Las tres unidades de excelencia de la UVa reciben formaci\u00f3n para transformar sus proyectos de investigaci\u00f3n en propuestas &#8220;vendibles&#8221;","datePublished":"2022-10-06T08:57:43+00:00","dateModified":"2023-08-24T10:33:51+00:00","mainEntityOfPage":{"@id":"https:\/\/www.programador.online\/uifor\/unididades-de-excelencia-de-la-uva-reciben-formacion-para-transformar-sus-proyectos\/"},"wordCount":1204,"commentCount":0,"image":{"@id":"https:\/\/www.programador.online\/uifor\/unididades-de-excelencia-de-la-uva-reciben-formacion-para-transformar-sus-proyectos\/#primaryimage"},"thumbnailUrl":"https:\/\/www.programador.online\/uifor\/wp-content\/uploads\/2022\/07\/Foto-IPS.jpg","articleSection":["Noticia"],"inLanguage":"es","potentialAction":[{"@type":"CommentAction","name":"Comment","target":["https:\/\/www.programador.online\/uifor\/unididades-de-excelencia-de-la-uva-reciben-formacion-para-transformar-sus-proyectos\/#respond"]}]},{"@type":"WebPage","@id":"https:\/\/www.programador.online\/uifor\/unididades-de-excelencia-de-la-uva-reciben-formacion-para-transformar-sus-proyectos\/","url":"https:\/\/www.programador.online\/uifor\/unididades-de-excelencia-de-la-uva-reciben-formacion-para-transformar-sus-proyectos\/","name":"Las tres unidades de excelencia de la UVa reciben formaci\u00f3n para transformar sus proyectos de investigaci\u00f3n en propuestas \"vendibles\" - IUFOR","isPartOf":{"@id":"https:\/\/www.programador.online\/uifor\/#website"},"primaryImageOfPage":{"@id":"https:\/\/www.programador.online\/uifor\/unididades-de-excelencia-de-la-uva-reciben-formacion-para-transformar-sus-proyectos\/#primaryimage"},"image":{"@id":"https:\/\/www.programador.online\/uifor\/unididades-de-excelencia-de-la-uva-reciben-formacion-para-transformar-sus-proyectos\/#primaryimage"},"thumbnailUrl":"https:\/\/www.programador.online\/uifor\/wp-content\/uploads\/2022\/07\/Foto-IPS.jpg","datePublished":"2022-10-06T08:57:43+00:00","dateModified":"2023-08-24T10:33:51+00:00","author":{"@id":"https:\/\/www.programador.online\/uifor\/#\/schema\/person\/da2110b17d1b0161a9e3525dde216783"},"breadcrumb":{"@id":"https:\/\/www.programador.online\/uifor\/unididades-de-excelencia-de-la-uva-reciben-formacion-para-transformar-sus-proyectos\/#breadcrumb"},"inLanguage":"es","potentialAction":[{"@type":"ReadAction","target":["https:\/\/www.programador.online\/uifor\/unididades-de-excelencia-de-la-uva-reciben-formacion-para-transformar-sus-proyectos\/"]}]},{"@type":"ImageObject","inLanguage":"es","@id":"https:\/\/www.programador.online\/uifor\/unididades-de-excelencia-de-la-uva-reciben-formacion-para-transformar-sus-proyectos\/#primaryimage","url":"https:\/\/www.programador.online\/uifor\/wp-content\/uploads\/2022\/07\/Foto-IPS.jpg","contentUrl":"https:\/\/www.programador.online\/uifor\/wp-content\/uploads\/2022\/07\/Foto-IPS.jpg","width":967,"height":648},{"@type":"BreadcrumbList","@id":"https:\/\/www.programador.online\/uifor\/unididades-de-excelencia-de-la-uva-reciben-formacion-para-transformar-sus-proyectos\/#breadcrumb","itemListElement":[{"@type":"ListItem","position":1,"name":"Home","item":"https:\/\/www.programador.online\/uifor\/"},{"@type":"ListItem","position":2,"name":"Las tres unidades de excelencia de la UVa reciben formaci\u00f3n para transformar sus proyectos de investigaci\u00f3n en propuestas &#8220;vendibles&#8221;"}]},{"@type":"WebSite","@id":"https:\/\/www.programador.online\/uifor\/#website","url":"https:\/\/www.programador.online\/uifor\/","name":"IUFOR","description":"Instituto Universitario de Investigaci\u00f3n en Gesti\u00f3n Forestal Sostenible","potentialAction":[{"@type":"SearchAction","target":{"@type":"EntryPoint","urlTemplate":"https:\/\/www.programador.online\/uifor\/?s={search_term_string}"},"query-input":{"@type":"PropertyValueSpecification","valueRequired":true,"valueName":"search_term_string"}}],"inLanguage":"es"},{"@type":"Person","@id":"https:\/\/www.programador.online\/uifor\/#\/schema\/person\/da2110b17d1b0161a9e3525dde216783","name":"IUFOR","image":{"@type":"ImageObject","inLanguage":"es","@id":"https:\/\/secure.gravatar.com\/avatar\/7a25de614035b9bf7fbc6c2b5f1661145f205724f3712e1947f913aea168cb3a?s=96&d=mm&r=g","url":"https:\/\/secure.gravatar.com\/avatar\/7a25de614035b9bf7fbc6c2b5f1661145f205724f3712e1947f913aea168cb3a?s=96&d=mm&r=g","contentUrl":"https:\/\/secure.gravatar.com\/avatar\/7a25de614035b9bf7fbc6c2b5f1661145f205724f3712e1947f913aea168cb3a?s=96&d=mm&r=g","caption":"IUFOR"},"sameAs":["https:\/\/iufor.palencia.uva.es"],"url":"https:\/\/www.programador.online\/uifor\/author\/admin\/"}]}},"_links":{"self":[{"href":"https:\/\/www.programador.online\/uifor\/wp-json\/wp\/v2\/posts\/63","targetHints":{"allow":["GET"]}}],"collection":[{"href":"https:\/\/www.programador.online\/uifor\/wp-json\/wp\/v2\/posts"}],"about":[{"href":"https:\/\/www.programador.online\/uifor\/wp-json\/wp\/v2\/types\/post"}],"author":[{"embeddable":true,"href":"https:\/\/www.programador.online\/uifor\/wp-json\/wp\/v2\/users\/2"}],"replies":[{"embeddable":true,"href":"https:\/\/www.programador.online\/uifor\/wp-json\/wp\/v2\/comments?post=63"}],"version-history":[{"count":0,"href":"https:\/\/www.programador.online\/uifor\/wp-json\/wp\/v2\/posts\/63\/revisions"}],"wp:featuredmedia":[{"embeddable":true,"href":"https:\/\/www.programador.online\/uifor\/wp-json\/wp\/v2\/media\/11194"}],"wp:attachment":[{"href":"https:\/\/www.programador.online\/uifor\/wp-json\/wp\/v2\/media?parent=63"}],"wp:term":[{"taxonomy":"category","embeddable":true,"href":"https:\/\/www.programador.online\/uifor\/wp-json\/wp\/v2\/categories?post=63"},{"taxonomy":"post_tag","embeddable":true,"href":"https:\/\/www.programador.online\/uifor\/wp-json\/wp\/v2\/tags?post=63"}],"curies":[{"name":"wp","href":"https:\/\/api.w.org\/{rel}","templated":true}]}}