{"id":61,"date":"2022-12-07T10:57:42","date_gmt":"2022-12-07T08:57:42","guid":{"rendered":"https:\/\/157.88.224.245\/?p=61"},"modified":"2023-08-24T12:28:47","modified_gmt":"2023-08-24T10:28:47","slug":"dia-mundial-del-suelo","status":"publish","type":"post","link":"https:\/\/www.programador.online\/uifor\/dia-mundial-del-suelo\/","title":{"rendered":"El iuFOR recuerda en el D\u00eda Mundial del suelo la importancia de su conservaci\u00f3n como origen de los alimentos"},"content":{"rendered":"<p><div class=\"fusion-fullwidth fullwidth-box fusion-builder-row-1 fusion-flex-container nonhundred-percent-fullwidth non-hundred-percent-height-scrolling\" style=\"--awb-border-radius-top-left:0px;--awb-border-radius-top-right:0px;--awb-border-radius-bottom-right:0px;--awb-border-radius-bottom-left:0px;--awb-flex-wrap:wrap;\" ><div class=\"fusion-builder-row fusion-row fusion-flex-align-items-flex-start fusion-flex-content-wrap\" style=\"max-width:1289.6px;margin-left: calc(-4% \/ 2 );margin-right: calc(-4% \/ 2 );\"><div class=\"fusion-layout-column fusion_builder_column fusion-builder-column-0 fusion_builder_column_1_1 1_1 fusion-flex-column\" style=\"--awb-bg-size:cover;--awb-width-large:100%;--awb-margin-top-large:0px;--awb-spacing-right-large:0%;--awb-margin-bottom-large:65px;--awb-spacing-left-large:0%;--awb-width-medium:100%;--awb-order-medium:0;--awb-spacing-right-medium:0%;--awb-spacing-left-medium:0%;--awb-width-small:100%;--awb-order-small:0;--awb-spacing-right-small:1.92%;--awb-margin-bottom-small:50px;--awb-spacing-left-small:1.92%;\"><div class=\"fusion-column-wrapper fusion-column-has-shadow fusion-flex-justify-content-flex-start fusion-content-layout-column\"><div class=\"fusion-image-element \" style=\"text-align:center;--awb-caption-title-font-family:var(--h2_typography-font-family);--awb-caption-title-font-weight:var(--h2_typography-font-weight);--awb-caption-title-font-style:var(--h2_typography-font-style);--awb-caption-title-size:var(--h2_typography-font-size);--awb-caption-title-transform:var(--h2_typography-text-transform);--awb-caption-title-line-height:var(--h2_typography-line-height);--awb-caption-title-letter-spacing:var(--h2_typography-letter-spacing);\"><span class=\" fusion-imageframe imageframe-none imageframe-1 hover-type-none\"><img fetchpriority=\"high\" fetchpriority=\"high\" decoding=\"async\" width=\"934\" height=\"655\" title=\"Dia-del-suelo 2\" src=\"http:\/\/iufor.palencia.uva.es\/wp-content\/uploads\/2022\/07\/Dia-del-suelo-2.png\" alt class=\"img-responsive wp-image-11213\" srcset=\"https:\/\/www.programador.online\/uifor\/wp-content\/uploads\/2022\/07\/Dia-del-suelo-2-200x140.png 200w, https:\/\/www.programador.online\/uifor\/wp-content\/uploads\/2022\/07\/Dia-del-suelo-2-400x281.png 400w, https:\/\/www.programador.online\/uifor\/wp-content\/uploads\/2022\/07\/Dia-del-suelo-2-600x421.png 600w, https:\/\/www.programador.online\/uifor\/wp-content\/uploads\/2022\/07\/Dia-del-suelo-2-800x561.png 800w, https:\/\/www.programador.online\/uifor\/wp-content\/uploads\/2022\/07\/Dia-del-suelo-2.png 934w\" sizes=\"(max-width: 640px) 100vw, 934px\" \/><\/span><\/div><\/div><\/div><div class=\"fusion-layout-column fusion_builder_column fusion-builder-column-1 fusion_builder_column_1_1 1_1 fusion-flex-column\" style=\"--awb-padding-right:60px;--awb-padding-left:60px;--awb-bg-size:cover;--awb-width-large:100%;--awb-margin-top-large:0px;--awb-spacing-right-large:1.92%;--awb-margin-bottom-large:65px;--awb-spacing-left-large:1.92%;--awb-width-medium:100%;--awb-order-medium:0;--awb-spacing-right-medium:1.92%;--awb-spacing-left-medium:1.92%;--awb-width-small:100%;--awb-order-small:0;--awb-spacing-right-small:1.92%;--awb-margin-bottom-small:35px;--awb-spacing-left-small:1.92%;\"><div class=\"fusion-column-wrapper fusion-column-has-shadow fusion-flex-justify-content-flex-start fusion-content-layout-column\"><div class=\"fusion-text fusion-text-1\" style=\"--awb-content-alignment:justify;--awb-font-size:20px;--awb-line-height:32px;--awb-text-font-family:&quot;Lexend&quot;;--awb-text-font-style:normal;--awb-text-font-weight:300;\"><section>\n<div class=\"noticia-entradilla\">\n<p style=\"color: var(--awb-custom_color_3);\"><span data-fusion-font=\"true\" style=\"font-size: 16px;\">El pasado lunes, 5 de diciembre, se celebr\u00f3 el <\/span><b style=\"color: var(--awb-custom_color_4); font-size: 16px;\" data-fusion-font=\"true\">D\u00eda Mundial del suelo bajo el lema \u201cLos suelos, origen de los alimentos\u201d<\/b><span data-fusion-font=\"true\" style=\"font-size: 16px;\">, con el objetivo de se\u00f1alar la importancia que tiene el suelo para la vida cotidiana, ya que el 95% de nuestros alimentos provienen directa o indirectamente de estos, as\u00ed como la necesidad de gestionarlo y protegerlo, ya que un 33 % de los suelos del planeta est\u00e1n degradados.<\/span><\/p>\n<\/div>\n<\/section>\n<section>\n<div class=\"noticia-cuerpo\">\n<p style=\"color: var(--awb-custom_color_3); font-size: 16px;\" data-fusion-font=\"true\">Los suelos pese a ser el origen de muchos de los procesos de los ecosistemas terrestres relacionados con los nutrientes, energ\u00eda y agua, es el gran desconocido y olvidado para la sociedad.<\/p>\n<p style=\"color: var(--awb-custom_color_3); font-size: 16px;\" data-fusion-font=\"true\">El Instituto Universitario de Investigaci\u00f3n en Gesti\u00f3n Forestal Sostenible (iuFOR) lleva a cabo investigaciones relacionadas con las propiedades de los suelos y propone actuaciones que permiten mejorar su salud, incrementar su fertilidad y a la vez protegerlos en un ambiente de cambio. Entre otras, sobre el efecto de las masas forestales en los procesos ed\u00e1ficos, debido a la estrecha relaci\u00f3n entre vegetaci\u00f3n y suelo, esencialmente a trav\u00e9s del ciclo de la materia org\u00e1nica y al papel que juega la cubierta arb\u00f3rea en la formaci\u00f3n del suelo, equilibrio biol\u00f3gico (de microflora y fauna), y bioqu\u00edmico (humificaci\u00f3n y mineralizaci\u00f3n), relacion\u00e1ndolos con las intervenciones de gesti\u00f3n forestal que pueden influir en su fertilidad.<\/p>\n<p style=\"color: var(--awb-custom_color_3); font-size: 16px;\" data-fusion-font=\"true\">El conocimiento adquirido en el iuFOR sobre almacenamiento de carbono, estabilizaci\u00f3n de materia org\u00e1nica, reciclaje de nutrientes, retenci\u00f3n de agua, etc., permite proponer medidas de gesti\u00f3n que permitan la conservaci\u00f3n de suelos agr\u00edcolas y forestales, medidas que llevan la protecci\u00f3n de procesos, especies y recursos ligados al suelo. Mediante estas investigaciones, que tienen ya escala europea, el iuFOR aporta al conocimiento mundial de los suelos o resultados concretos del papel del suelo en un contexto actual de cambio clim\u00e1tico.<\/p>\n<p><span style=\"color: var(--awb-custom_color_3);\"><span data-fusion-font=\"true\" style=\"font-size: 16px;\">Proyectos de investigaci\u00f3n como el financiado por el Ministerio de Ciencia e innovaci\u00f3n <\/span><span style=\"color: var(--awb-custom_color_4);\"><b data-fusion-font=\"true\" style=\"font-size: 16px;\">\u201cGesti\u00f3n Forestal Integrada en gradientes de complejidad\u201d<\/b><\/span><span data-fusion-font=\"true\" style=\"font-size: 16px;\">, sobre propiedades ed\u00e1ficas en masas mixtas a escala europea, que permiten avanzar y divulgar sus principales resultados para que el suelo, donde empieza tod<\/span><\/span><span data-fusion-font=\"true\" style=\"font-size: 16px;\">o, <span style=\"color: var(--awb-custom_color_3);\">sea cada vez<\/span><\/span><span style=\"color: var(--awb-custom_color_3);\"> <\/span><span data-fusion-font=\"true\" style=\"font-size: 16px; color: var(--awb-custom_color_3);\">m\u00e1s conocido, respetado y conservado.<\/span><\/p>\n<\/div>\n<\/section>\n<\/div><\/div><\/div><\/div><\/div><div class=\"fusion-fullwidth fullwidth-box fusion-builder-row-2 fusion-flex-container nonhundred-percent-fullwidth non-hundred-percent-height-scrolling\" style=\"--awb-border-radius-top-left:0px;--awb-border-radius-top-right:0px;--awb-border-radius-bottom-right:0px;--awb-border-radius-bottom-left:0px;--awb-margin-bottom:45px;--awb-flex-wrap:wrap;\" ><div class=\"fusion-builder-row fusion-row fusion-flex-align-items-flex-start fusion-flex-content-wrap\" style=\"max-width:1289.6px;margin-left: calc(-4% \/ 2 );margin-right: calc(-4% \/ 2 );\"><\/div><\/div><\/p>\n","protected":false},"excerpt":{"rendered":"","protected":false},"author":2,"featured_media":11213,"comment_status":"open","ping_status":"open","sticky":false,"template":"","format":"standard","meta":{"_acf_changed":false,"footnotes":""},"categories":[129],"tags":[],"class_list":["post-61","post","type-post","status-publish","format-standard","has-post-thumbnail","hentry","category-noticia"],"acf":[],"yoast_head":"<!-- This site is optimized with the Yoast SEO plugin v27.4 - https:\/\/yoast.com\/product\/yoast-seo-wordpress\/ -->\n<title>El iuFOR recuerda en el D\u00eda Mundial del suelo la importancia de su conservaci\u00f3n como origen de los alimentos - IUFOR<\/title>\n<meta name=\"robots\" content=\"index, follow, max-snippet:-1, max-image-preview:large, max-video-preview:-1\" \/>\n<link rel=\"canonical\" href=\"https:\/\/www.programador.online\/uifor\/dia-mundial-del-suelo\/\" \/>\n<meta property=\"og:locale\" content=\"es_ES\" \/>\n<meta property=\"og:type\" content=\"article\" \/>\n<meta property=\"og:title\" content=\"El iuFOR recuerda en el D\u00eda Mundial del suelo la importancia de su conservaci\u00f3n como origen de los alimentos - IUFOR\" \/>\n<meta property=\"og:url\" content=\"https:\/\/www.programador.online\/uifor\/dia-mundial-del-suelo\/\" \/>\n<meta property=\"og:site_name\" content=\"IUFOR\" \/>\n<meta property=\"article:published_time\" content=\"2022-12-07T08:57:42+00:00\" \/>\n<meta property=\"article:modified_time\" content=\"2023-08-24T10:28:47+00:00\" \/>\n<meta property=\"og:image\" content=\"https:\/\/www.programador.online\/uifor\/wp-content\/uploads\/2022\/07\/Dia-del-suelo-2.png\" \/>\n\t<meta property=\"og:image:width\" content=\"934\" \/>\n\t<meta property=\"og:image:height\" content=\"655\" \/>\n\t<meta property=\"og:image:type\" content=\"image\/png\" \/>\n<meta name=\"author\" content=\"IUFOR\" \/>\n<meta name=\"twitter:card\" content=\"summary_large_image\" \/>\n<meta name=\"twitter:label1\" content=\"Escrito por\" \/>\n\t<meta name=\"twitter:data1\" content=\"IUFOR\" \/>\n\t<meta name=\"twitter:label2\" content=\"Tiempo de lectura\" \/>\n\t<meta name=\"twitter:data2\" content=\"6 minutos\" \/>\n<script type=\"application\/ld+json\" class=\"yoast-schema-graph\">{\"@context\":\"https:\\\/\\\/schema.org\",\"@graph\":[{\"@type\":\"Article\",\"@id\":\"https:\\\/\\\/www.programador.online\\\/uifor\\\/dia-mundial-del-suelo\\\/#article\",\"isPartOf\":{\"@id\":\"https:\\\/\\\/www.programador.online\\\/uifor\\\/dia-mundial-del-suelo\\\/\"},\"author\":{\"name\":\"IUFOR\",\"@id\":\"https:\\\/\\\/www.programador.online\\\/uifor\\\/#\\\/schema\\\/person\\\/da2110b17d1b0161a9e3525dde216783\"},\"headline\":\"El iuFOR recuerda en el D\u00eda Mundial del suelo la importancia de su conservaci\u00f3n como origen de los alimentos\",\"datePublished\":\"2022-12-07T08:57:42+00:00\",\"dateModified\":\"2023-08-24T10:28:47+00:00\",\"mainEntityOfPage\":{\"@id\":\"https:\\\/\\\/www.programador.online\\\/uifor\\\/dia-mundial-del-suelo\\\/\"},\"wordCount\":1213,\"commentCount\":0,\"image\":{\"@id\":\"https:\\\/\\\/www.programador.online\\\/uifor\\\/dia-mundial-del-suelo\\\/#primaryimage\"},\"thumbnailUrl\":\"https:\\\/\\\/www.programador.online\\\/uifor\\\/wp-content\\\/uploads\\\/2022\\\/07\\\/Dia-del-suelo-2.png\",\"articleSection\":[\"Noticia\"],\"inLanguage\":\"es\",\"potentialAction\":[{\"@type\":\"CommentAction\",\"name\":\"Comment\",\"target\":[\"https:\\\/\\\/www.programador.online\\\/uifor\\\/dia-mundial-del-suelo\\\/#respond\"]}]},{\"@type\":\"WebPage\",\"@id\":\"https:\\\/\\\/www.programador.online\\\/uifor\\\/dia-mundial-del-suelo\\\/\",\"url\":\"https:\\\/\\\/www.programador.online\\\/uifor\\\/dia-mundial-del-suelo\\\/\",\"name\":\"El iuFOR recuerda en el D\u00eda Mundial del suelo la importancia de su conservaci\u00f3n como origen de los alimentos - IUFOR\",\"isPartOf\":{\"@id\":\"https:\\\/\\\/www.programador.online\\\/uifor\\\/#website\"},\"primaryImageOfPage\":{\"@id\":\"https:\\\/\\\/www.programador.online\\\/uifor\\\/dia-mundial-del-suelo\\\/#primaryimage\"},\"image\":{\"@id\":\"https:\\\/\\\/www.programador.online\\\/uifor\\\/dia-mundial-del-suelo\\\/#primaryimage\"},\"thumbnailUrl\":\"https:\\\/\\\/www.programador.online\\\/uifor\\\/wp-content\\\/uploads\\\/2022\\\/07\\\/Dia-del-suelo-2.png\",\"datePublished\":\"2022-12-07T08:57:42+00:00\",\"dateModified\":\"2023-08-24T10:28:47+00:00\",\"author\":{\"@id\":\"https:\\\/\\\/www.programador.online\\\/uifor\\\/#\\\/schema\\\/person\\\/da2110b17d1b0161a9e3525dde216783\"},\"breadcrumb\":{\"@id\":\"https:\\\/\\\/www.programador.online\\\/uifor\\\/dia-mundial-del-suelo\\\/#breadcrumb\"},\"inLanguage\":\"es\",\"potentialAction\":[{\"@type\":\"ReadAction\",\"target\":[\"https:\\\/\\\/www.programador.online\\\/uifor\\\/dia-mundial-del-suelo\\\/\"]}]},{\"@type\":\"ImageObject\",\"inLanguage\":\"es\",\"@id\":\"https:\\\/\\\/www.programador.online\\\/uifor\\\/dia-mundial-del-suelo\\\/#primaryimage\",\"url\":\"https:\\\/\\\/www.programador.online\\\/uifor\\\/wp-content\\\/uploads\\\/2022\\\/07\\\/Dia-del-suelo-2.png\",\"contentUrl\":\"https:\\\/\\\/www.programador.online\\\/uifor\\\/wp-content\\\/uploads\\\/2022\\\/07\\\/Dia-del-suelo-2.png\",\"width\":934,\"height\":655},{\"@type\":\"BreadcrumbList\",\"@id\":\"https:\\\/\\\/www.programador.online\\\/uifor\\\/dia-mundial-del-suelo\\\/#breadcrumb\",\"itemListElement\":[{\"@type\":\"ListItem\",\"position\":1,\"name\":\"Home\",\"item\":\"https:\\\/\\\/www.programador.online\\\/uifor\\\/\"},{\"@type\":\"ListItem\",\"position\":2,\"name\":\"El iuFOR recuerda en el D\u00eda Mundial del suelo la importancia de su conservaci\u00f3n como origen de los alimentos\"}]},{\"@type\":\"WebSite\",\"@id\":\"https:\\\/\\\/www.programador.online\\\/uifor\\\/#website\",\"url\":\"https:\\\/\\\/www.programador.online\\\/uifor\\\/\",\"name\":\"IUFOR\",\"description\":\"Instituto Universitario de Investigaci\u00f3n en Gesti\u00f3n Forestal Sostenible\",\"potentialAction\":[{\"@type\":\"SearchAction\",\"target\":{\"@type\":\"EntryPoint\",\"urlTemplate\":\"https:\\\/\\\/www.programador.online\\\/uifor\\\/?s={search_term_string}\"},\"query-input\":{\"@type\":\"PropertyValueSpecification\",\"valueRequired\":true,\"valueName\":\"search_term_string\"}}],\"inLanguage\":\"es\"},{\"@type\":\"Person\",\"@id\":\"https:\\\/\\\/www.programador.online\\\/uifor\\\/#\\\/schema\\\/person\\\/da2110b17d1b0161a9e3525dde216783\",\"name\":\"IUFOR\",\"image\":{\"@type\":\"ImageObject\",\"inLanguage\":\"es\",\"@id\":\"https:\\\/\\\/secure.gravatar.com\\\/avatar\\\/7a25de614035b9bf7fbc6c2b5f1661145f205724f3712e1947f913aea168cb3a?s=96&d=mm&r=g\",\"url\":\"https:\\\/\\\/secure.gravatar.com\\\/avatar\\\/7a25de614035b9bf7fbc6c2b5f1661145f205724f3712e1947f913aea168cb3a?s=96&d=mm&r=g\",\"contentUrl\":\"https:\\\/\\\/secure.gravatar.com\\\/avatar\\\/7a25de614035b9bf7fbc6c2b5f1661145f205724f3712e1947f913aea168cb3a?s=96&d=mm&r=g\",\"caption\":\"IUFOR\"},\"sameAs\":[\"https:\\\/\\\/iufor.palencia.uva.es\"],\"url\":\"https:\\\/\\\/www.programador.online\\\/uifor\\\/author\\\/admin\\\/\"}]}<\/script>\n<!-- \/ Yoast SEO plugin. -->","yoast_head_json":{"title":"El iuFOR recuerda en el D\u00eda Mundial del suelo la importancia de su conservaci\u00f3n como origen de los alimentos - IUFOR","robots":{"index":"index","follow":"follow","max-snippet":"max-snippet:-1","max-image-preview":"max-image-preview:large","max-video-preview":"max-video-preview:-1"},"canonical":"https:\/\/www.programador.online\/uifor\/dia-mundial-del-suelo\/","og_locale":"es_ES","og_type":"article","og_title":"El iuFOR recuerda en el D\u00eda Mundial del suelo la importancia de su conservaci\u00f3n como origen de los alimentos - IUFOR","og_url":"https:\/\/www.programador.online\/uifor\/dia-mundial-del-suelo\/","og_site_name":"IUFOR","article_published_time":"2022-12-07T08:57:42+00:00","article_modified_time":"2023-08-24T10:28:47+00:00","og_image":[{"width":934,"height":655,"url":"https:\/\/www.programador.online\/uifor\/wp-content\/uploads\/2022\/07\/Dia-del-suelo-2.png","type":"image\/png"}],"author":"IUFOR","twitter_card":"summary_large_image","twitter_misc":{"Escrito por":"IUFOR","Tiempo de lectura":"6 minutos"},"schema":{"@context":"https:\/\/schema.org","@graph":[{"@type":"Article","@id":"https:\/\/www.programador.online\/uifor\/dia-mundial-del-suelo\/#article","isPartOf":{"@id":"https:\/\/www.programador.online\/uifor\/dia-mundial-del-suelo\/"},"author":{"name":"IUFOR","@id":"https:\/\/www.programador.online\/uifor\/#\/schema\/person\/da2110b17d1b0161a9e3525dde216783"},"headline":"El iuFOR recuerda en el D\u00eda Mundial del suelo la importancia de su conservaci\u00f3n como origen de los alimentos","datePublished":"2022-12-07T08:57:42+00:00","dateModified":"2023-08-24T10:28:47+00:00","mainEntityOfPage":{"@id":"https:\/\/www.programador.online\/uifor\/dia-mundial-del-suelo\/"},"wordCount":1213,"commentCount":0,"image":{"@id":"https:\/\/www.programador.online\/uifor\/dia-mundial-del-suelo\/#primaryimage"},"thumbnailUrl":"https:\/\/www.programador.online\/uifor\/wp-content\/uploads\/2022\/07\/Dia-del-suelo-2.png","articleSection":["Noticia"],"inLanguage":"es","potentialAction":[{"@type":"CommentAction","name":"Comment","target":["https:\/\/www.programador.online\/uifor\/dia-mundial-del-suelo\/#respond"]}]},{"@type":"WebPage","@id":"https:\/\/www.programador.online\/uifor\/dia-mundial-del-suelo\/","url":"https:\/\/www.programador.online\/uifor\/dia-mundial-del-suelo\/","name":"El iuFOR recuerda en el D\u00eda Mundial del suelo la importancia de su conservaci\u00f3n como origen de los alimentos - IUFOR","isPartOf":{"@id":"https:\/\/www.programador.online\/uifor\/#website"},"primaryImageOfPage":{"@id":"https:\/\/www.programador.online\/uifor\/dia-mundial-del-suelo\/#primaryimage"},"image":{"@id":"https:\/\/www.programador.online\/uifor\/dia-mundial-del-suelo\/#primaryimage"},"thumbnailUrl":"https:\/\/www.programador.online\/uifor\/wp-content\/uploads\/2022\/07\/Dia-del-suelo-2.png","datePublished":"2022-12-07T08:57:42+00:00","dateModified":"2023-08-24T10:28:47+00:00","author":{"@id":"https:\/\/www.programador.online\/uifor\/#\/schema\/person\/da2110b17d1b0161a9e3525dde216783"},"breadcrumb":{"@id":"https:\/\/www.programador.online\/uifor\/dia-mundial-del-suelo\/#breadcrumb"},"inLanguage":"es","potentialAction":[{"@type":"ReadAction","target":["https:\/\/www.programador.online\/uifor\/dia-mundial-del-suelo\/"]}]},{"@type":"ImageObject","inLanguage":"es","@id":"https:\/\/www.programador.online\/uifor\/dia-mundial-del-suelo\/#primaryimage","url":"https:\/\/www.programador.online\/uifor\/wp-content\/uploads\/2022\/07\/Dia-del-suelo-2.png","contentUrl":"https:\/\/www.programador.online\/uifor\/wp-content\/uploads\/2022\/07\/Dia-del-suelo-2.png","width":934,"height":655},{"@type":"BreadcrumbList","@id":"https:\/\/www.programador.online\/uifor\/dia-mundial-del-suelo\/#breadcrumb","itemListElement":[{"@type":"ListItem","position":1,"name":"Home","item":"https:\/\/www.programador.online\/uifor\/"},{"@type":"ListItem","position":2,"name":"El iuFOR recuerda en el D\u00eda Mundial del suelo la importancia de su conservaci\u00f3n como origen de los alimentos"}]},{"@type":"WebSite","@id":"https:\/\/www.programador.online\/uifor\/#website","url":"https:\/\/www.programador.online\/uifor\/","name":"IUFOR","description":"Instituto Universitario de Investigaci\u00f3n en Gesti\u00f3n Forestal Sostenible","potentialAction":[{"@type":"SearchAction","target":{"@type":"EntryPoint","urlTemplate":"https:\/\/www.programador.online\/uifor\/?s={search_term_string}"},"query-input":{"@type":"PropertyValueSpecification","valueRequired":true,"valueName":"search_term_string"}}],"inLanguage":"es"},{"@type":"Person","@id":"https:\/\/www.programador.online\/uifor\/#\/schema\/person\/da2110b17d1b0161a9e3525dde216783","name":"IUFOR","image":{"@type":"ImageObject","inLanguage":"es","@id":"https:\/\/secure.gravatar.com\/avatar\/7a25de614035b9bf7fbc6c2b5f1661145f205724f3712e1947f913aea168cb3a?s=96&d=mm&r=g","url":"https:\/\/secure.gravatar.com\/avatar\/7a25de614035b9bf7fbc6c2b5f1661145f205724f3712e1947f913aea168cb3a?s=96&d=mm&r=g","contentUrl":"https:\/\/secure.gravatar.com\/avatar\/7a25de614035b9bf7fbc6c2b5f1661145f205724f3712e1947f913aea168cb3a?s=96&d=mm&r=g","caption":"IUFOR"},"sameAs":["https:\/\/iufor.palencia.uva.es"],"url":"https:\/\/www.programador.online\/uifor\/author\/admin\/"}]}},"_links":{"self":[{"href":"https:\/\/www.programador.online\/uifor\/wp-json\/wp\/v2\/posts\/61","targetHints":{"allow":["GET"]}}],"collection":[{"href":"https:\/\/www.programador.online\/uifor\/wp-json\/wp\/v2\/posts"}],"about":[{"href":"https:\/\/www.programador.online\/uifor\/wp-json\/wp\/v2\/types\/post"}],"author":[{"embeddable":true,"href":"https:\/\/www.programador.online\/uifor\/wp-json\/wp\/v2\/users\/2"}],"replies":[{"embeddable":true,"href":"https:\/\/www.programador.online\/uifor\/wp-json\/wp\/v2\/comments?post=61"}],"version-history":[{"count":0,"href":"https:\/\/www.programador.online\/uifor\/wp-json\/wp\/v2\/posts\/61\/revisions"}],"wp:featuredmedia":[{"embeddable":true,"href":"https:\/\/www.programador.online\/uifor\/wp-json\/wp\/v2\/media\/11213"}],"wp:attachment":[{"href":"https:\/\/www.programador.online\/uifor\/wp-json\/wp\/v2\/media?parent=61"}],"wp:term":[{"taxonomy":"category","embeddable":true,"href":"https:\/\/www.programador.online\/uifor\/wp-json\/wp\/v2\/categories?post=61"},{"taxonomy":"post_tag","embeddable":true,"href":"https:\/\/www.programador.online\/uifor\/wp-json\/wp\/v2\/tags?post=61"}],"curies":[{"name":"wp","href":"https:\/\/api.w.org\/{rel}","templated":true}]}}