{"id":57,"date":"2023-01-26T10:57:42","date_gmt":"2023-01-26T08:57:42","guid":{"rendered":"https:\/\/157.88.224.245\/?p=57"},"modified":"2023-08-24T12:27:38","modified_gmt":"2023-08-24T10:27:38","slug":"young-foresters","status":"publish","type":"post","link":"https:\/\/www.programador.online\/uifor\/young-foresters\/","title":{"rendered":"M\u00e1s de 80 j\u00f3venes investigadores forestales procedentes de diversos pa\u00edses se re\u00fanen en el Instituto de Gesti\u00f3n Forestal Sostenible en Palencia"},"content":{"rendered":"<p><div class=\"fusion-fullwidth fullwidth-box fusion-builder-row-1 fusion-flex-container nonhundred-percent-fullwidth non-hundred-percent-height-scrolling\" style=\"--awb-border-radius-top-left:0px;--awb-border-radius-top-right:0px;--awb-border-radius-bottom-right:0px;--awb-border-radius-bottom-left:0px;--awb-flex-wrap:wrap;\" ><div class=\"fusion-builder-row fusion-row fusion-flex-align-items-flex-start fusion-flex-content-wrap\" style=\"max-width:1289.6px;margin-left: calc(-4% \/ 2 );margin-right: calc(-4% \/ 2 );\"><div class=\"fusion-layout-column fusion_builder_column fusion-builder-column-0 fusion_builder_column_1_1 1_1 fusion-flex-column\" style=\"--awb-bg-size:cover;--awb-width-large:100%;--awb-margin-top-large:0px;--awb-spacing-right-large:0%;--awb-margin-bottom-large:65px;--awb-spacing-left-large:0%;--awb-width-medium:100%;--awb-order-medium:0;--awb-spacing-right-medium:0%;--awb-spacing-left-medium:0%;--awb-width-small:100%;--awb-order-small:0;--awb-spacing-right-small:1.92%;--awb-margin-bottom-small:50px;--awb-spacing-left-small:1.92%;\"><div class=\"fusion-column-wrapper fusion-column-has-shadow fusion-flex-justify-content-flex-start fusion-content-layout-column\"><div class=\"fusion-image-element \" style=\"text-align:center;--awb-aspect-ratio:3 \/ 1;--awb-caption-title-font-family:var(--h2_typography-font-family);--awb-caption-title-font-weight:var(--h2_typography-font-weight);--awb-caption-title-font-style:var(--h2_typography-font-style);--awb-caption-title-size:var(--h2_typography-font-size);--awb-caption-title-transform:var(--h2_typography-text-transform);--awb-caption-title-line-height:var(--h2_typography-line-height);--awb-caption-title-letter-spacing:var(--h2_typography-letter-spacing);\"><span class=\" fusion-imageframe imageframe-none imageframe-1 hover-type-none has-aspect-ratio\"><img fetchpriority=\"high\" fetchpriority=\"high\" decoding=\"async\" width=\"1436\" height=\"900\" title=\"Jovenes_investigadores_Forestales_grupo\" src=\"http:\/\/iufor.palencia.uva.es\/wp-content\/uploads\/2022\/07\/Jovenes_investigadores_Forestales_grupo.jpg\" class=\"img-responsive wp-image-11221 img-with-aspect-ratio\" data-parent-fit=\"cover\" data-parent-container=\".fusion-image-element\" alt srcset=\"https:\/\/www.programador.online\/uifor\/wp-content\/uploads\/2022\/07\/Jovenes_investigadores_Forestales_grupo-200x125.jpg 200w, https:\/\/www.programador.online\/uifor\/wp-content\/uploads\/2022\/07\/Jovenes_investigadores_Forestales_grupo-400x251.jpg 400w, https:\/\/www.programador.online\/uifor\/wp-content\/uploads\/2022\/07\/Jovenes_investigadores_Forestales_grupo-600x376.jpg 600w, https:\/\/www.programador.online\/uifor\/wp-content\/uploads\/2022\/07\/Jovenes_investigadores_Forestales_grupo-800x501.jpg 800w, https:\/\/www.programador.online\/uifor\/wp-content\/uploads\/2022\/07\/Jovenes_investigadores_Forestales_grupo-1200x752.jpg 1200w, https:\/\/www.programador.online\/uifor\/wp-content\/uploads\/2022\/07\/Jovenes_investigadores_Forestales_grupo.jpg 1436w\" sizes=\"(max-width: 640px) 100vw, 1436px\" \/><\/span><\/div><\/div><\/div><div class=\"fusion-layout-column fusion_builder_column fusion-builder-column-1 fusion_builder_column_1_1 1_1 fusion-flex-column\" style=\"--awb-padding-right:60px;--awb-padding-left:60px;--awb-bg-size:cover;--awb-width-large:100%;--awb-margin-top-large:0px;--awb-spacing-right-large:1.92%;--awb-margin-bottom-large:65px;--awb-spacing-left-large:1.92%;--awb-width-medium:100%;--awb-order-medium:0;--awb-spacing-right-medium:1.92%;--awb-spacing-left-medium:1.92%;--awb-width-small:100%;--awb-order-small:0;--awb-spacing-right-small:1.92%;--awb-margin-bottom-small:35px;--awb-spacing-left-small:1.92%;\"><div class=\"fusion-column-wrapper fusion-column-has-shadow fusion-flex-justify-content-flex-start fusion-content-layout-column\"><div class=\"fusion-text fusion-text-1\" style=\"--awb-content-alignment:justify;--awb-font-size:20px;--awb-line-height:32px;--awb-text-font-family:&quot;Lexend&quot;;--awb-text-font-style:normal;--awb-text-font-weight:300;\"><section style=\"text-align: center;\"><span style=\"color: var(--awb-custom_color_3);\"><b style=\"color: var(--awb-custom_color_4); font-size: 16px;\" data-fusion-font=\"true\">Miguel Delibes Mateos<\/b><span style=\"font-size: 16px;\" data-fusion-font=\"true\">, investigador del CSIC, imparti\u00f3 la conferencia inaugural.<\/span><\/span><\/section>\n<p style=\"text-align: center;\"><span style=\"color: var(--awb-custom_color_3);\"><span style=\"font-size: 16px;\" data-fusion-font=\"true\"><br \/><\/span><\/span><\/p>\n<p style=\"text-align: center;\"><span style=\"color: var(--awb-custom_color_3);\"><span style=\"font-size: 16px;\" data-fusion-font=\"true\"> <\/span><\/span><\/p>\n<section>\n<div class=\"noticia-entradilla\">\n<p style=\"color: var(--awb-custom_color_3);\"><span style=\"font-size: 16px;\" data-fusion-font=\"true\">Un a\u00f1o m\u00e1s, y ya van <\/span><b style=\"color: var(--awb-custom_color_4); font-size: 16px;\" data-fusion-font=\"true\">17 ediciones<\/b><span style=\"font-size: 16px;\" data-fusion-font=\"true\">, el Instituto de Investigaci\u00f3n en Gesti\u00f3n Forestal Sostenible de la Universidad de Valladolid acogi\u00f3 las <\/span><b style=\"color: var(--awb-custom_color_4); font-size: 16px;\" data-fusion-font=\"true\">Jornadas de J\u00f3venes Investigadores Forestales<\/b><span style=\"font-size: 16px;\" data-fusion-font=\"true\">, una plataforma de intercambio profesional entre j\u00f3venes investigadores forestales de todo el mundo, tanto estudiantes de m\u00e1ster como doctorandos y j\u00f3venes doctores.<\/span><\/p>\n<\/div>\n<\/section>\n<section>\n<div class=\"noticia-cuerpo\">\n<p style=\"color: var(--awb-custom_color_3); font-size: 16px;\" data-fusion-font=\"true\">La inauguraci\u00f3n de las jornadas celebradas el pasado mi\u00e9rcoles, 25 de enero, en el Sal\u00f3n de Actos del Edificio Principal de la ETSIIAA, cont\u00f3 con la presencia de la vicerrectora del Campus de Palencia, Amalia Rodr\u00edguez, as\u00ed como con el director de la Escuela de Doctorado de la UVa, Jos\u00e9 Ram\u00f3n Gonz\u00e1lez, y la presidenta de la Diputaci\u00f3n de Palencia, \u00c1ngeles Armis\u00e9n. Junto a ellos, estuvieron en la mesa inaugural Joaqu\u00edn Navarro, director de la ETSIIAA, y M\u00aa Bel\u00e9n Turri\u00f3n, directora del IuFOR. La charla inaugural correr\u00e1 a cargo de Miguel Delibes Mateos, investigador del CSIC en su Instituto de Estudios Sociales Avanzados, sobre \u201cLa complejidad de los conflictos entre los seres humanos y la fauna silvestre en ecosistemas agroforestales\u201d.<\/p>\n<p style=\"color: var(--awb-custom_color_3); font-size: 16px;\" data-fusion-font=\"true\">Y, a continuaci\u00f3n, el propio Miguel Delibes particip\u00f3 en una mesa redonda sobre \u201cLos bosques ante el cambio global: un futuro \u00bfabierto?\u201d junto a tres investigadoras m\u00e1s del Instituto de Investigaciones forestales del CSIC: Delphine Grivet, especialista en gen\u00e9tica de poblaciones forestales y adaptaci\u00f3n y Mercedes Guijarro, especialista en defensa integral frente a incendios forestales y presidenta de la Sociedad Espa\u00f1ola de Ciencias Forestales. Completa el panel la investigadora del IUFOR Clara Ant\u00f3n procedente del Instituto Noruego de Investigaci\u00f3n de Bioeconom\u00eda y especialista en Ciencia de Datos aplicada a la monitorizaci\u00f3n de la evoluci\u00f3n de los bosques. Esta mesa estuvo moderada por Luis Quevedo, director de proyectos Estrat\u00e9gicos de la Fundaci\u00f3n Espa\u00f1ola para la Ciencia y la Tecnolog\u00eda, con una enorme experiencia en divulgaci\u00f3n cient\u00edfica en todo tipo de medios en Espa\u00f1a y en EEUU.<\/p>\n<p style=\"color: var(--awb-custom_color_3); font-size: 16px;\" data-fusion-font=\"true\">Un encuentro para mejorar la comunicaci\u00f3n cient\u00edfica<\/p>\n<p style=\"color: var(--awb-custom_color_3);\"><span style=\"font-size: 16px;\" data-fusion-font=\"true\">La comunicaci\u00f3n cient\u00edfica eficaz es una parte crucial de la actividad investigadora, a la que no se suelen dedicar suficiente atenci\u00f3n. Para favorecer esta comunicaci\u00f3n, el Instituto Universitario de Investigaci\u00f3n en Gesti\u00f3n Forestal Sostenible (iuFOR-UVa), con sede en Palencia, organiza este congreso internacional, en el que cada a\u00f1o, m\u00e1s de 80 personas de muy diversos or\u00edgenes geogr\u00e1ficos comparten un intenso programa cient\u00edfico a lo largo de dos d\u00edas. En estos congresos se persiguen tres importantes objetivos, de m\u00e1xima importancia para la vida profesional de los estudiantes como es <\/span><span style=\"color: var(--awb-custom_color_4);\"><b style=\"font-size: 16px;\" data-fusion-font=\"true\">practicar las tres formas de comunicaci\u00f3n cient\u00edfica<\/b><\/span><span style=\"font-size: 16px;\" data-fusion-font=\"true\"> (escrita, oral y en ingl\u00e9s), y la comunicaci\u00f3n mediante gr\u00e1ficos e im\u00e1genes; <\/span><b style=\"color: var(--awb-custom_color_4); font-size: 16px;\" data-fusion-font=\"true\">dar a conocer las l\u00edneas de trabajo del Instituto<\/b><span style=\"font-size: 16px;\" data-fusion-font=\"true\">, a trav\u00e9s de los trabajos que presentan los j\u00f3venes investigadores y <\/span><span style=\"color: var(--awb-custom_color_4);\"><b style=\"font-size: 16px;\" data-fusion-font=\"true\">promocionar el establecimiento de una red de contactos amplia<\/b><\/span><span style=\"font-size: 16px;\" data-fusion-font=\"true\"> y diversa que ser\u00e1 de vital importancia en sus vidas profesionales.<\/span><\/p>\n<p style=\"color: var(--awb-custom_color_3);\"><span style=\"font-size: 16px;\" data-fusion-font=\"true\">En esta ocasi\u00f3n participaron 39 estudiantes del programa <\/span><b style=\"color: var(--awb-custom_color_4); font-size: 16px;\" data-fusion-font=\"true\">MEDFOR<\/b><span style=\"font-size: 16px;\" data-fusion-font=\"true\"> (Erasmus Mundus) de m\u00e1s de 20 nacionalidades europeas, americanas y asi\u00e1ticas que pasan el mes de enero en Palencia en multitud de actividades formativas en la Winter School. Adem\u00e1s, estuvieron los estudiantes de doctorado del Programa de Conservaci\u00f3n y Uso Sostenible de Sistemas Forestales del IuFOR- UVa y una importante representaci\u00f3n de nuestros j\u00f3venes investigadores forestales que llevan a cabo sus trabajos en la Escuela T\u00e9cnica Superior de Ingenier\u00edas Agrarias de Palencia (ETSIIA), en la Escuela de Ingenier\u00eda de la Industria Forestal, Agron\u00f3mica y de la Bioenerg\u00eda de Soria (EiFAB), en el Instituto de Ciencias Forestales del CSIC (ICIFOR-CSIC) de Madrid. Todos estos trabajos est\u00e1n enmarcados en las m\u00e1s variadas y relevantes \u00e1reas del sector forestal, representados en el IuFOR: gen\u00e9tica y adaptaci\u00f3n, sanidad forestal incluidos los incendios, modelizaci\u00f3n, selvicultura, servicios ecosist\u00e9micos de los bosques, hidrolog\u00eda o estudios del suelo y el clima.<\/span><\/p>\n<p style=\"color: var(--awb-custom_color_3);\"><span style=\"font-size: 16px;\" data-fusion-font=\"true\"><br \/><\/span><\/p>\n<\/div>\n<\/section>\n<\/div><div class=\"fusion-image-element \" style=\"text-align:center;--awb-aspect-ratio:16 \/ 9;--awb-caption-title-font-family:var(--h2_typography-font-family);--awb-caption-title-font-weight:var(--h2_typography-font-weight);--awb-caption-title-font-style:var(--h2_typography-font-style);--awb-caption-title-size:var(--h2_typography-font-size);--awb-caption-title-transform:var(--h2_typography-text-transform);--awb-caption-title-line-height:var(--h2_typography-line-height);--awb-caption-title-letter-spacing:var(--h2_typography-letter-spacing);\"><span class=\" fusion-imageframe imageframe-none imageframe-2 hover-type-none has-aspect-ratio\"><img decoding=\"async\" width=\"978\" height=\"591\" title=\"Salon-de-actos.jpg\" src=\"http:\/\/iufor.palencia.uva.es\/wp-content\/uploads\/2022\/07\/Salon-de-actos.jpg.png\" class=\"img-responsive wp-image-11218 img-with-aspect-ratio\" data-parent-fit=\"cover\" data-parent-container=\".fusion-image-element\" alt srcset=\"https:\/\/www.programador.online\/uifor\/wp-content\/uploads\/2022\/07\/Salon-de-actos.jpg-200x121.png 200w, https:\/\/www.programador.online\/uifor\/wp-content\/uploads\/2022\/07\/Salon-de-actos.jpg-400x242.png 400w, https:\/\/www.programador.online\/uifor\/wp-content\/uploads\/2022\/07\/Salon-de-actos.jpg-600x363.png 600w, https:\/\/www.programador.online\/uifor\/wp-content\/uploads\/2022\/07\/Salon-de-actos.jpg-800x483.png 800w, https:\/\/www.programador.online\/uifor\/wp-content\/uploads\/2022\/07\/Salon-de-actos.jpg.png 978w\" sizes=\"(max-width: 640px) 100vw, 978px\" \/><\/span><\/div><\/div><\/div><\/div><\/div><div class=\"fusion-fullwidth fullwidth-box fusion-builder-row-2 fusion-flex-container nonhundred-percent-fullwidth non-hundred-percent-height-scrolling\" style=\"--awb-border-radius-top-left:0px;--awb-border-radius-top-right:0px;--awb-border-radius-bottom-right:0px;--awb-border-radius-bottom-left:0px;--awb-margin-bottom:45px;--awb-flex-wrap:wrap;\" ><div class=\"fusion-builder-row fusion-row fusion-flex-align-items-flex-start fusion-flex-content-wrap\" style=\"max-width:1289.6px;margin-left: calc(-4% \/ 2 );margin-right: calc(-4% \/ 2 );\"><\/div><\/div><\/p>\n","protected":false},"excerpt":{"rendered":"","protected":false},"author":2,"featured_media":11221,"comment_status":"open","ping_status":"open","sticky":false,"template":"","format":"standard","meta":{"_acf_changed":false,"footnotes":""},"categories":[129],"tags":[],"class_list":["post-57","post","type-post","status-publish","format-standard","has-post-thumbnail","hentry","category-noticia"],"acf":[],"yoast_head":"<!-- This site is optimized with the Yoast SEO plugin v27.4 - https:\/\/yoast.com\/product\/yoast-seo-wordpress\/ -->\n<title>M\u00e1s de 80 j\u00f3venes investigadores forestales procedentes de diversos pa\u00edses se re\u00fanen en el Instituto de Gesti\u00f3n Forestal Sostenible en Palencia - IUFOR<\/title>\n<meta name=\"robots\" content=\"index, follow, max-snippet:-1, max-image-preview:large, max-video-preview:-1\" \/>\n<link rel=\"canonical\" href=\"https:\/\/www.programador.online\/uifor\/young-foresters\/\" \/>\n<meta property=\"og:locale\" content=\"es_ES\" \/>\n<meta property=\"og:type\" content=\"article\" \/>\n<meta property=\"og:title\" content=\"M\u00e1s de 80 j\u00f3venes investigadores forestales procedentes de diversos pa\u00edses se re\u00fanen en el Instituto de Gesti\u00f3n Forestal Sostenible en Palencia - IUFOR\" \/>\n<meta property=\"og:url\" content=\"https:\/\/www.programador.online\/uifor\/young-foresters\/\" \/>\n<meta property=\"og:site_name\" content=\"IUFOR\" \/>\n<meta property=\"article:published_time\" content=\"2023-01-26T08:57:42+00:00\" \/>\n<meta property=\"article:modified_time\" content=\"2023-08-24T10:27:38+00:00\" \/>\n<meta property=\"og:image\" content=\"https:\/\/www.programador.online\/uifor\/wp-content\/uploads\/2022\/07\/Jovenes_investigadores_Forestales_grupo.jpg\" \/>\n\t<meta property=\"og:image:width\" content=\"1436\" \/>\n\t<meta property=\"og:image:height\" content=\"900\" \/>\n\t<meta property=\"og:image:type\" content=\"image\/jpeg\" \/>\n<meta name=\"author\" content=\"IUFOR\" \/>\n<meta name=\"twitter:card\" content=\"summary_large_image\" \/>\n<meta name=\"twitter:label1\" content=\"Escrito por\" \/>\n\t<meta name=\"twitter:data1\" content=\"IUFOR\" \/>\n\t<meta name=\"twitter:label2\" content=\"Tiempo de lectura\" \/>\n\t<meta name=\"twitter:data2\" content=\"8 minutos\" \/>\n<script type=\"application\/ld+json\" class=\"yoast-schema-graph\">{\"@context\":\"https:\\\/\\\/schema.org\",\"@graph\":[{\"@type\":\"Article\",\"@id\":\"https:\\\/\\\/www.programador.online\\\/uifor\\\/young-foresters\\\/#article\",\"isPartOf\":{\"@id\":\"https:\\\/\\\/www.programador.online\\\/uifor\\\/young-foresters\\\/\"},\"author\":{\"name\":\"IUFOR\",\"@id\":\"https:\\\/\\\/www.programador.online\\\/uifor\\\/#\\\/schema\\\/person\\\/da2110b17d1b0161a9e3525dde216783\"},\"headline\":\"M\u00e1s de 80 j\u00f3venes investigadores forestales procedentes de diversos pa\u00edses se re\u00fanen en el Instituto de Gesti\u00f3n Forestal Sostenible en Palencia\",\"datePublished\":\"2023-01-26T08:57:42+00:00\",\"dateModified\":\"2023-08-24T10:27:38+00:00\",\"mainEntityOfPage\":{\"@id\":\"https:\\\/\\\/www.programador.online\\\/uifor\\\/young-foresters\\\/\"},\"wordCount\":1656,\"commentCount\":0,\"image\":{\"@id\":\"https:\\\/\\\/www.programador.online\\\/uifor\\\/young-foresters\\\/#primaryimage\"},\"thumbnailUrl\":\"https:\\\/\\\/www.programador.online\\\/uifor\\\/wp-content\\\/uploads\\\/2022\\\/07\\\/Jovenes_investigadores_Forestales_grupo.jpg\",\"articleSection\":[\"Noticia\"],\"inLanguage\":\"es\",\"potentialAction\":[{\"@type\":\"CommentAction\",\"name\":\"Comment\",\"target\":[\"https:\\\/\\\/www.programador.online\\\/uifor\\\/young-foresters\\\/#respond\"]}]},{\"@type\":\"WebPage\",\"@id\":\"https:\\\/\\\/www.programador.online\\\/uifor\\\/young-foresters\\\/\",\"url\":\"https:\\\/\\\/www.programador.online\\\/uifor\\\/young-foresters\\\/\",\"name\":\"M\u00e1s de 80 j\u00f3venes investigadores forestales procedentes de diversos pa\u00edses se re\u00fanen en el Instituto de Gesti\u00f3n Forestal Sostenible en Palencia - IUFOR\",\"isPartOf\":{\"@id\":\"https:\\\/\\\/www.programador.online\\\/uifor\\\/#website\"},\"primaryImageOfPage\":{\"@id\":\"https:\\\/\\\/www.programador.online\\\/uifor\\\/young-foresters\\\/#primaryimage\"},\"image\":{\"@id\":\"https:\\\/\\\/www.programador.online\\\/uifor\\\/young-foresters\\\/#primaryimage\"},\"thumbnailUrl\":\"https:\\\/\\\/www.programador.online\\\/uifor\\\/wp-content\\\/uploads\\\/2022\\\/07\\\/Jovenes_investigadores_Forestales_grupo.jpg\",\"datePublished\":\"2023-01-26T08:57:42+00:00\",\"dateModified\":\"2023-08-24T10:27:38+00:00\",\"author\":{\"@id\":\"https:\\\/\\\/www.programador.online\\\/uifor\\\/#\\\/schema\\\/person\\\/da2110b17d1b0161a9e3525dde216783\"},\"breadcrumb\":{\"@id\":\"https:\\\/\\\/www.programador.online\\\/uifor\\\/young-foresters\\\/#breadcrumb\"},\"inLanguage\":\"es\",\"potentialAction\":[{\"@type\":\"ReadAction\",\"target\":[\"https:\\\/\\\/www.programador.online\\\/uifor\\\/young-foresters\\\/\"]}]},{\"@type\":\"ImageObject\",\"inLanguage\":\"es\",\"@id\":\"https:\\\/\\\/www.programador.online\\\/uifor\\\/young-foresters\\\/#primaryimage\",\"url\":\"https:\\\/\\\/www.programador.online\\\/uifor\\\/wp-content\\\/uploads\\\/2022\\\/07\\\/Jovenes_investigadores_Forestales_grupo.jpg\",\"contentUrl\":\"https:\\\/\\\/www.programador.online\\\/uifor\\\/wp-content\\\/uploads\\\/2022\\\/07\\\/Jovenes_investigadores_Forestales_grupo.jpg\",\"width\":1436,\"height\":900},{\"@type\":\"BreadcrumbList\",\"@id\":\"https:\\\/\\\/www.programador.online\\\/uifor\\\/young-foresters\\\/#breadcrumb\",\"itemListElement\":[{\"@type\":\"ListItem\",\"position\":1,\"name\":\"Home\",\"item\":\"https:\\\/\\\/www.programador.online\\\/uifor\\\/\"},{\"@type\":\"ListItem\",\"position\":2,\"name\":\"M\u00e1s de 80 j\u00f3venes investigadores forestales procedentes de diversos pa\u00edses se re\u00fanen en el Instituto de Gesti\u00f3n Forestal Sostenible en Palencia\"}]},{\"@type\":\"WebSite\",\"@id\":\"https:\\\/\\\/www.programador.online\\\/uifor\\\/#website\",\"url\":\"https:\\\/\\\/www.programador.online\\\/uifor\\\/\",\"name\":\"IUFOR\",\"description\":\"Instituto Universitario de Investigaci\u00f3n en Gesti\u00f3n Forestal Sostenible\",\"potentialAction\":[{\"@type\":\"SearchAction\",\"target\":{\"@type\":\"EntryPoint\",\"urlTemplate\":\"https:\\\/\\\/www.programador.online\\\/uifor\\\/?s={search_term_string}\"},\"query-input\":{\"@type\":\"PropertyValueSpecification\",\"valueRequired\":true,\"valueName\":\"search_term_string\"}}],\"inLanguage\":\"es\"},{\"@type\":\"Person\",\"@id\":\"https:\\\/\\\/www.programador.online\\\/uifor\\\/#\\\/schema\\\/person\\\/da2110b17d1b0161a9e3525dde216783\",\"name\":\"IUFOR\",\"image\":{\"@type\":\"ImageObject\",\"inLanguage\":\"es\",\"@id\":\"https:\\\/\\\/secure.gravatar.com\\\/avatar\\\/7a25de614035b9bf7fbc6c2b5f1661145f205724f3712e1947f913aea168cb3a?s=96&d=mm&r=g\",\"url\":\"https:\\\/\\\/secure.gravatar.com\\\/avatar\\\/7a25de614035b9bf7fbc6c2b5f1661145f205724f3712e1947f913aea168cb3a?s=96&d=mm&r=g\",\"contentUrl\":\"https:\\\/\\\/secure.gravatar.com\\\/avatar\\\/7a25de614035b9bf7fbc6c2b5f1661145f205724f3712e1947f913aea168cb3a?s=96&d=mm&r=g\",\"caption\":\"IUFOR\"},\"sameAs\":[\"https:\\\/\\\/iufor.palencia.uva.es\"],\"url\":\"https:\\\/\\\/www.programador.online\\\/uifor\\\/author\\\/admin\\\/\"}]}<\/script>\n<!-- \/ Yoast SEO plugin. -->","yoast_head_json":{"title":"M\u00e1s de 80 j\u00f3venes investigadores forestales procedentes de diversos pa\u00edses se re\u00fanen en el Instituto de Gesti\u00f3n Forestal Sostenible en Palencia - IUFOR","robots":{"index":"index","follow":"follow","max-snippet":"max-snippet:-1","max-image-preview":"max-image-preview:large","max-video-preview":"max-video-preview:-1"},"canonical":"https:\/\/www.programador.online\/uifor\/young-foresters\/","og_locale":"es_ES","og_type":"article","og_title":"M\u00e1s de 80 j\u00f3venes investigadores forestales procedentes de diversos pa\u00edses se re\u00fanen en el Instituto de Gesti\u00f3n Forestal Sostenible en Palencia - IUFOR","og_url":"https:\/\/www.programador.online\/uifor\/young-foresters\/","og_site_name":"IUFOR","article_published_time":"2023-01-26T08:57:42+00:00","article_modified_time":"2023-08-24T10:27:38+00:00","og_image":[{"width":1436,"height":900,"url":"https:\/\/www.programador.online\/uifor\/wp-content\/uploads\/2022\/07\/Jovenes_investigadores_Forestales_grupo.jpg","type":"image\/jpeg"}],"author":"IUFOR","twitter_card":"summary_large_image","twitter_misc":{"Escrito por":"IUFOR","Tiempo de lectura":"8 minutos"},"schema":{"@context":"https:\/\/schema.org","@graph":[{"@type":"Article","@id":"https:\/\/www.programador.online\/uifor\/young-foresters\/#article","isPartOf":{"@id":"https:\/\/www.programador.online\/uifor\/young-foresters\/"},"author":{"name":"IUFOR","@id":"https:\/\/www.programador.online\/uifor\/#\/schema\/person\/da2110b17d1b0161a9e3525dde216783"},"headline":"M\u00e1s de 80 j\u00f3venes investigadores forestales procedentes de diversos pa\u00edses se re\u00fanen en el Instituto de Gesti\u00f3n Forestal Sostenible en Palencia","datePublished":"2023-01-26T08:57:42+00:00","dateModified":"2023-08-24T10:27:38+00:00","mainEntityOfPage":{"@id":"https:\/\/www.programador.online\/uifor\/young-foresters\/"},"wordCount":1656,"commentCount":0,"image":{"@id":"https:\/\/www.programador.online\/uifor\/young-foresters\/#primaryimage"},"thumbnailUrl":"https:\/\/www.programador.online\/uifor\/wp-content\/uploads\/2022\/07\/Jovenes_investigadores_Forestales_grupo.jpg","articleSection":["Noticia"],"inLanguage":"es","potentialAction":[{"@type":"CommentAction","name":"Comment","target":["https:\/\/www.programador.online\/uifor\/young-foresters\/#respond"]}]},{"@type":"WebPage","@id":"https:\/\/www.programador.online\/uifor\/young-foresters\/","url":"https:\/\/www.programador.online\/uifor\/young-foresters\/","name":"M\u00e1s de 80 j\u00f3venes investigadores forestales procedentes de diversos pa\u00edses se re\u00fanen en el Instituto de Gesti\u00f3n Forestal Sostenible en Palencia - IUFOR","isPartOf":{"@id":"https:\/\/www.programador.online\/uifor\/#website"},"primaryImageOfPage":{"@id":"https:\/\/www.programador.online\/uifor\/young-foresters\/#primaryimage"},"image":{"@id":"https:\/\/www.programador.online\/uifor\/young-foresters\/#primaryimage"},"thumbnailUrl":"https:\/\/www.programador.online\/uifor\/wp-content\/uploads\/2022\/07\/Jovenes_investigadores_Forestales_grupo.jpg","datePublished":"2023-01-26T08:57:42+00:00","dateModified":"2023-08-24T10:27:38+00:00","author":{"@id":"https:\/\/www.programador.online\/uifor\/#\/schema\/person\/da2110b17d1b0161a9e3525dde216783"},"breadcrumb":{"@id":"https:\/\/www.programador.online\/uifor\/young-foresters\/#breadcrumb"},"inLanguage":"es","potentialAction":[{"@type":"ReadAction","target":["https:\/\/www.programador.online\/uifor\/young-foresters\/"]}]},{"@type":"ImageObject","inLanguage":"es","@id":"https:\/\/www.programador.online\/uifor\/young-foresters\/#primaryimage","url":"https:\/\/www.programador.online\/uifor\/wp-content\/uploads\/2022\/07\/Jovenes_investigadores_Forestales_grupo.jpg","contentUrl":"https:\/\/www.programador.online\/uifor\/wp-content\/uploads\/2022\/07\/Jovenes_investigadores_Forestales_grupo.jpg","width":1436,"height":900},{"@type":"BreadcrumbList","@id":"https:\/\/www.programador.online\/uifor\/young-foresters\/#breadcrumb","itemListElement":[{"@type":"ListItem","position":1,"name":"Home","item":"https:\/\/www.programador.online\/uifor\/"},{"@type":"ListItem","position":2,"name":"M\u00e1s de 80 j\u00f3venes investigadores forestales procedentes de diversos pa\u00edses se re\u00fanen en el Instituto de Gesti\u00f3n Forestal Sostenible en Palencia"}]},{"@type":"WebSite","@id":"https:\/\/www.programador.online\/uifor\/#website","url":"https:\/\/www.programador.online\/uifor\/","name":"IUFOR","description":"Instituto Universitario de Investigaci\u00f3n en Gesti\u00f3n Forestal Sostenible","potentialAction":[{"@type":"SearchAction","target":{"@type":"EntryPoint","urlTemplate":"https:\/\/www.programador.online\/uifor\/?s={search_term_string}"},"query-input":{"@type":"PropertyValueSpecification","valueRequired":true,"valueName":"search_term_string"}}],"inLanguage":"es"},{"@type":"Person","@id":"https:\/\/www.programador.online\/uifor\/#\/schema\/person\/da2110b17d1b0161a9e3525dde216783","name":"IUFOR","image":{"@type":"ImageObject","inLanguage":"es","@id":"https:\/\/secure.gravatar.com\/avatar\/7a25de614035b9bf7fbc6c2b5f1661145f205724f3712e1947f913aea168cb3a?s=96&d=mm&r=g","url":"https:\/\/secure.gravatar.com\/avatar\/7a25de614035b9bf7fbc6c2b5f1661145f205724f3712e1947f913aea168cb3a?s=96&d=mm&r=g","contentUrl":"https:\/\/secure.gravatar.com\/avatar\/7a25de614035b9bf7fbc6c2b5f1661145f205724f3712e1947f913aea168cb3a?s=96&d=mm&r=g","caption":"IUFOR"},"sameAs":["https:\/\/iufor.palencia.uva.es"],"url":"https:\/\/www.programador.online\/uifor\/author\/admin\/"}]}},"_links":{"self":[{"href":"https:\/\/www.programador.online\/uifor\/wp-json\/wp\/v2\/posts\/57","targetHints":{"allow":["GET"]}}],"collection":[{"href":"https:\/\/www.programador.online\/uifor\/wp-json\/wp\/v2\/posts"}],"about":[{"href":"https:\/\/www.programador.online\/uifor\/wp-json\/wp\/v2\/types\/post"}],"author":[{"embeddable":true,"href":"https:\/\/www.programador.online\/uifor\/wp-json\/wp\/v2\/users\/2"}],"replies":[{"embeddable":true,"href":"https:\/\/www.programador.online\/uifor\/wp-json\/wp\/v2\/comments?post=57"}],"version-history":[{"count":0,"href":"https:\/\/www.programador.online\/uifor\/wp-json\/wp\/v2\/posts\/57\/revisions"}],"wp:featuredmedia":[{"embeddable":true,"href":"https:\/\/www.programador.online\/uifor\/wp-json\/wp\/v2\/media\/11221"}],"wp:attachment":[{"href":"https:\/\/www.programador.online\/uifor\/wp-json\/wp\/v2\/media?parent=57"}],"wp:term":[{"taxonomy":"category","embeddable":true,"href":"https:\/\/www.programador.online\/uifor\/wp-json\/wp\/v2\/categories?post=57"},{"taxonomy":"post_tag","embeddable":true,"href":"https:\/\/www.programador.online\/uifor\/wp-json\/wp\/v2\/tags?post=57"}],"curies":[{"name":"wp","href":"https:\/\/api.w.org\/{rel}","templated":true}]}}