{"id":56,"date":"2022-12-23T10:57:42","date_gmt":"2022-12-23T08:57:42","guid":{"rendered":"https:\/\/157.88.224.245\/?p=56"},"modified":"2023-08-24T12:28:17","modified_gmt":"2023-08-24T10:28:17","slug":"dehesas-de-fresnos-ibericos","status":"publish","type":"post","link":"https:\/\/www.programador.online\/uifor\/dehesas-de-fresnos-ibericos\/","title":{"rendered":"Un estudio de la UVa consigue reconstruir 250 a\u00f1os de la gesti\u00f3n de las dehesas de fresnos ib\u00e9ricos mediante el an\u00e1lisis de la madera"},"content":{"rendered":"<p><div class=\"fusion-fullwidth fullwidth-box fusion-builder-row-1 fusion-flex-container nonhundred-percent-fullwidth non-hundred-percent-height-scrolling\" style=\"--awb-border-radius-top-left:0px;--awb-border-radius-top-right:0px;--awb-border-radius-bottom-right:0px;--awb-border-radius-bottom-left:0px;--awb-flex-wrap:wrap;\" ><div class=\"fusion-builder-row fusion-row fusion-flex-align-items-flex-start fusion-flex-content-wrap\" style=\"max-width:1289.6px;margin-left: calc(-4% \/ 2 );margin-right: calc(-4% \/ 2 );\"><div class=\"fusion-layout-column fusion_builder_column fusion-builder-column-0 fusion_builder_column_1_1 1_1 fusion-flex-column\" style=\"--awb-bg-size:cover;--awb-width-large:100%;--awb-margin-top-large:0px;--awb-spacing-right-large:0%;--awb-margin-bottom-large:65px;--awb-spacing-left-large:0%;--awb-width-medium:100%;--awb-order-medium:0;--awb-spacing-right-medium:0%;--awb-spacing-left-medium:0%;--awb-width-small:100%;--awb-order-small:0;--awb-spacing-right-small:1.92%;--awb-margin-bottom-small:50px;--awb-spacing-left-small:1.92%;\"><div class=\"fusion-column-wrapper fusion-column-has-shadow fusion-flex-justify-content-flex-start fusion-content-layout-column\"><div class=\"fusion-image-element \" style=\"text-align:center;--awb-aspect-ratio:16 \/ 9;--awb-caption-title-font-family:var(--h2_typography-font-family);--awb-caption-title-font-weight:var(--h2_typography-font-weight);--awb-caption-title-font-style:var(--h2_typography-font-style);--awb-caption-title-size:var(--h2_typography-font-size);--awb-caption-title-transform:var(--h2_typography-text-transform);--awb-caption-title-line-height:var(--h2_typography-line-height);--awb-caption-title-letter-spacing:var(--h2_typography-letter-spacing);\"><span class=\" fusion-imageframe imageframe-none imageframe-1 hover-type-none has-aspect-ratio\"><img fetchpriority=\"high\" fetchpriority=\"high\" decoding=\"async\" width=\"450\" height=\"301\" title=\"Fresno\" src=\"http:\/\/iufor.palencia.uva.es\/wp-content\/uploads\/2022\/07\/Fresno.jpg\" class=\"img-responsive wp-image-11208 img-with-aspect-ratio\" data-parent-fit=\"cover\" data-parent-container=\".fusion-image-element\" alt srcset=\"https:\/\/www.programador.online\/uifor\/wp-content\/uploads\/2022\/07\/Fresno-200x134.jpg 200w, https:\/\/www.programador.online\/uifor\/wp-content\/uploads\/2022\/07\/Fresno-400x268.jpg 400w, https:\/\/www.programador.online\/uifor\/wp-content\/uploads\/2022\/07\/Fresno.jpg 450w\" sizes=\"(max-width: 640px) 100vw, 450px\" \/><\/span><\/div><\/div><\/div><div class=\"fusion-layout-column fusion_builder_column fusion-builder-column-1 fusion_builder_column_1_1 1_1 fusion-flex-column\" style=\"--awb-padding-right:60px;--awb-padding-left:60px;--awb-bg-size:cover;--awb-width-large:100%;--awb-margin-top-large:0px;--awb-spacing-right-large:1.92%;--awb-margin-bottom-large:65px;--awb-spacing-left-large:1.92%;--awb-width-medium:100%;--awb-order-medium:0;--awb-spacing-right-medium:1.92%;--awb-spacing-left-medium:1.92%;--awb-width-small:100%;--awb-order-small:0;--awb-spacing-right-small:1.92%;--awb-margin-bottom-small:35px;--awb-spacing-left-small:1.92%;\"><div class=\"fusion-column-wrapper fusion-column-has-shadow fusion-flex-justify-content-flex-start fusion-content-layout-column\"><div class=\"fusion-text fusion-text-1\" style=\"--awb-content-alignment:justify;--awb-font-size:20px;--awb-line-height:32px;--awb-text-font-family:&quot;Lexend&quot;;--awb-text-font-style:normal;--awb-text-font-weight:300;\"><section>\n<div class=\"noticia-subtitulo\"><span style=\"color: var(--awb-custom_color_3);\"><span data-fusion-font=\"true\" style=\"font-size: 16px;\">El trabajo, dirigido por el Instituto en Gesti\u00f3n Forestal Sostenible (iuFOR), ha sido publicado en la revista cient\u00edfica <\/span><b style=\"color: var(--awb-custom_color_4); font-size: 16px;\" data-fusion-font=\"true\">Trees-Structure and Function<\/b><span data-fusion-font=\"true\" style=\"font-size: 16px;\">, de la editorial Springer<\/span><\/span><\/div>\n<\/section>\n<section>\n<div class=\"noticia-subtitulo\"><span style=\"color: var(--awb-custom_color_3);\"><span data-fusion-font=\"true\" style=\"font-size: 16px;\">Esta informaci\u00f3n y los registros de la frecuencia de las podas han sido obtenidos gracias al an\u00e1lisis <\/span><b style=\"color: var(--awb-custom_color_4); font-size: 16px;\" data-fusion-font=\"true\">dendroconol\u00f3gico<\/b><span data-fusion-font=\"true\" style=\"font-size: 16px;\">, una informaci\u00f3n valiosa para la adecuada gesti\u00f3n de este tipo de formaciones arb\u00f3reas<\/span><\/span><\/div>\n<\/section>\n<section>\n<div class=\"noticia-entradilla\">\n<p class=\"TextoDemas\" style=\"color: var(--awb-custom_color_3); font-size: 16px;\" data-fusion-font=\"true\">En la actualidad, los registros hist\u00f3ricos son claves para dotar a los gestores forestales de las herramientas necesarias para conservar el paisaje cultural tan caracter\u00edstico de este tipo de bosques (dehesas de fresnos ib\u00e9ricos) en la pen\u00ednsula ib\u00e9rica. Y esto es lo que se ha obtenido en un estudio dirigido por el Instituto en Gesti\u00f3n Forestal Sostenible (iuFOR), es decir, identificar y datar el primer evento de poda en el a\u00f1o 1777, consiguiendo de esta forma la reconstrucci\u00f3n de aproximadamente 250 a\u00f1os de gesti\u00f3n llevada a cabo en dehesas de fresnos ib\u00e9ricos. Este trabajo, liderado por el investigador David Candel-P\u00e9rez, ha sido publicado recientemente en la revista cient\u00edfica Trees-Structures and Function de la editorial Springer.<\/p>\n<\/div>\n<\/section>\n<section>\n<div class=\"noticia-cuerpo\">\n<p style=\"color: var(--awb-custom_color_3); font-size: 16px;\" data-fusion-font=\"true\">En el estudio ha sido posible estimar la edad de los \u00e1rboles por la  formaci\u00f3n de los anillos de crecimiento y gracias al an\u00e1lisis dendrocronol\u00f3gico han obtenido registros rigurosos de la frecuencia de desmoche en diversas dehesas de fresno del Sistema Central, adem\u00e1s de conseguir informaci\u00f3n para la adecuada gesti\u00f3n de este tipo de formaci\u00f3n arb\u00f3rea. La dendroconolog\u00eda es muy \u00fatil para estudiar procesos que tienen lugar a escalas de tiempo largas, como por ejemplo la reconstrucci\u00f3n de los patrones hist\u00f3ricos de manejo de poda de \u00e1rboles trasmochados.<\/p>\n<p style=\"color: var(--awb-custom_color_3); font-size: 16px;\" data-fusion-font=\"true\">El centro de Espa\u00f1a alberga la mayor y mejor conservada zona de bosques trasmochos de fresno de hoja estrecha de Europa. El trasmocho es considerado un tipo especial de poda de \u00e1rboles, en la cual se corta la copa entera para aprovechamiento de le\u00f1as o ramas para alimentaci\u00f3n del ganado. Y este aprovechamiento ha constituido una estrategia de gesti\u00f3n para diferentes especies forestales por toda la geograf\u00eda europea durante siglos, creando paisajes agroforestales adehesados con importantes valores culturales y ambientales. Esta pr\u00e1ctica tradicional ha sido ampliamente abandonada en la \u00faltimas d\u00e9cadas dando como resultado un importante impacto en t\u00e9rminos de biodiversidad y p\u00e9rdida cultural.<\/p>\n<p style=\"color: var(--awb-custom_color_3); font-size: 16px;\" data-fusion-font=\"true\">Los \u00e1rboles de estas formaciones forestales han sido tradicionalmente podados para aprovechar su follaje utilizado en el verano como alimento para el ganado, cuando hay menor disponibilidad de pastos. Sin embargo, no existen registros hist\u00f3ricos rigurosos sobre este aprovechamiento y sus posibles cambios temporales.<\/p>\n<p style=\"color: var(--awb-custom_color_3); font-size: 16px;\" data-fusion-font=\"true\">Lo que se ha constatado en este estudio es que el esquema de gesti\u00f3n tradicional se vino abajo dr\u00e1sticamente en la d\u00e9cada de 1970, coincidiendo con la despoblaci\u00f3n de zonas rurales y el abandono generalizado de pr\u00e1cticas tradicionales. Sin embargo, tras varias d\u00e9cadas de casi nula actividad, la pr\u00e1ctica del trasmocho se ha recuperado por motivos econ\u00f3micos y\/o conservacionistas en las \u00faltimas d\u00e9cadas, aunque con mucha menor intensidad y carente de la sincron\u00eda caracter\u00edstica de los patrones de gesti\u00f3n tradicionales.<\/p>\n<p style=\"color: var(--awb-custom_color_3);\"><span data-fusion-font=\"true\" style=\"font-size: 16px;\">Estos registros hist\u00f3ricos sirven como archivo de consulta y brindan apoyo t\u00e9cnico y econ\u00f3mico para la recuperaci\u00f3n de esta actividad tradicional, cuyos m\u00faltiples beneficios son la conservaci\u00f3n de este caracter\u00edstico paisaje cultural y su biodiversidad asociada, la preservaci\u00f3n de valores hist\u00f3ricos y ambientales, o la provisi\u00f3n de numerosos servicios ecosist\u00e9micos. Al mismo tiempo, al reducir la necesidad de alimentos complementarios para el ganado, tambi\u00e9n se podr\u00eda contribuir a la reducci\u00f3n del impacto ambiental de la producci\u00f3n de carne, uno de los mayores problemas ligados a la emisi\u00f3n de gase<\/span><span data-fusion-font=\"true\" style=\"font-size: 17px;\">s de efecto invernadero.<\/span><\/p>\n<\/div>\n<\/section>\n<\/div><\/div><\/div><\/div><\/div><div class=\"fusion-fullwidth fullwidth-box fusion-builder-row-2 fusion-flex-container nonhundred-percent-fullwidth non-hundred-percent-height-scrolling\" style=\"--awb-border-radius-top-left:0px;--awb-border-radius-top-right:0px;--awb-border-radius-bottom-right:0px;--awb-border-radius-bottom-left:0px;--awb-margin-bottom:45px;--awb-flex-wrap:wrap;\" ><div class=\"fusion-builder-row fusion-row fusion-flex-align-items-flex-start fusion-flex-content-wrap\" style=\"max-width:1289.6px;margin-left: calc(-4% \/ 2 );margin-right: calc(-4% \/ 2 );\"><div class=\"fusion-layout-column fusion_builder_column fusion-builder-column-2 fusion_builder_column_1_1 1_1 fusion-flex-column\" style=\"--awb-padding-right:60px;--awb-padding-left:60px;--awb-bg-size:cover;--awb-width-large:100%;--awb-margin-top-large:0px;--awb-spacing-right-large:1.92%;--awb-margin-bottom-large:0px;--awb-spacing-left-large:1.92%;--awb-width-medium:100%;--awb-order-medium:0;--awb-spacing-right-medium:1.92%;--awb-spacing-left-medium:1.92%;--awb-width-small:100%;--awb-order-small:0;--awb-spacing-right-small:1.92%;--awb-spacing-left-small:1.92%;\"><div class=\"fusion-column-wrapper fusion-column-has-shadow fusion-flex-justify-content-flex-start fusion-content-layout-column\"><\/div><\/div><\/div><\/div><\/p>\n","protected":false},"excerpt":{"rendered":"","protected":false},"author":2,"featured_media":11208,"comment_status":"open","ping_status":"open","sticky":false,"template":"","format":"standard","meta":{"_acf_changed":false,"footnotes":""},"categories":[129],"tags":[],"class_list":["post-56","post","type-post","status-publish","format-standard","has-post-thumbnail","hentry","category-noticia"],"acf":[],"yoast_head":"<!-- This site is optimized with the Yoast SEO plugin v27.4 - https:\/\/yoast.com\/product\/yoast-seo-wordpress\/ -->\n<title>Un estudio de la UVa consigue reconstruir 250 a\u00f1os de la gesti\u00f3n de las dehesas de fresnos ib\u00e9ricos mediante el an\u00e1lisis de la madera - IUFOR<\/title>\n<meta name=\"robots\" content=\"index, follow, max-snippet:-1, max-image-preview:large, max-video-preview:-1\" \/>\n<link rel=\"canonical\" href=\"https:\/\/www.programador.online\/uifor\/dehesas-de-fresnos-ibericos\/\" \/>\n<meta property=\"og:locale\" content=\"es_ES\" \/>\n<meta property=\"og:type\" content=\"article\" \/>\n<meta property=\"og:title\" content=\"Un estudio de la UVa consigue reconstruir 250 a\u00f1os de la gesti\u00f3n de las dehesas de fresnos ib\u00e9ricos mediante el an\u00e1lisis de la madera - IUFOR\" \/>\n<meta property=\"og:url\" content=\"https:\/\/www.programador.online\/uifor\/dehesas-de-fresnos-ibericos\/\" \/>\n<meta property=\"og:site_name\" content=\"IUFOR\" \/>\n<meta property=\"article:published_time\" content=\"2022-12-23T08:57:42+00:00\" \/>\n<meta property=\"article:modified_time\" content=\"2023-08-24T10:28:17+00:00\" \/>\n<meta property=\"og:image\" content=\"https:\/\/www.programador.online\/uifor\/wp-content\/uploads\/2022\/07\/Fresno.jpg\" \/>\n\t<meta property=\"og:image:width\" content=\"450\" \/>\n\t<meta property=\"og:image:height\" content=\"301\" \/>\n\t<meta property=\"og:image:type\" content=\"image\/jpeg\" \/>\n<meta name=\"author\" content=\"IUFOR\" \/>\n<meta name=\"twitter:card\" content=\"summary_large_image\" \/>\n<meta name=\"twitter:label1\" content=\"Escrito por\" \/>\n\t<meta name=\"twitter:data1\" content=\"IUFOR\" \/>\n\t<meta name=\"twitter:label2\" content=\"Tiempo de lectura\" \/>\n\t<meta name=\"twitter:data2\" content=\"8 minutos\" \/>\n<script type=\"application\/ld+json\" class=\"yoast-schema-graph\">{\"@context\":\"https:\\\/\\\/schema.org\",\"@graph\":[{\"@type\":\"Article\",\"@id\":\"https:\\\/\\\/www.programador.online\\\/uifor\\\/dehesas-de-fresnos-ibericos\\\/#article\",\"isPartOf\":{\"@id\":\"https:\\\/\\\/www.programador.online\\\/uifor\\\/dehesas-de-fresnos-ibericos\\\/\"},\"author\":{\"name\":\"IUFOR\",\"@id\":\"https:\\\/\\\/www.programador.online\\\/uifor\\\/#\\\/schema\\\/person\\\/da2110b17d1b0161a9e3525dde216783\"},\"headline\":\"Un estudio de la UVa consigue reconstruir 250 a\u00f1os de la gesti\u00f3n de las dehesas de fresnos ib\u00e9ricos mediante el an\u00e1lisis de la madera\",\"datePublished\":\"2022-12-23T08:57:42+00:00\",\"dateModified\":\"2023-08-24T10:28:17+00:00\",\"mainEntityOfPage\":{\"@id\":\"https:\\\/\\\/www.programador.online\\\/uifor\\\/dehesas-de-fresnos-ibericos\\\/\"},\"wordCount\":1654,\"commentCount\":0,\"image\":{\"@id\":\"https:\\\/\\\/www.programador.online\\\/uifor\\\/dehesas-de-fresnos-ibericos\\\/#primaryimage\"},\"thumbnailUrl\":\"https:\\\/\\\/www.programador.online\\\/uifor\\\/wp-content\\\/uploads\\\/2022\\\/07\\\/Fresno.jpg\",\"articleSection\":[\"Noticia\"],\"inLanguage\":\"es\",\"potentialAction\":[{\"@type\":\"CommentAction\",\"name\":\"Comment\",\"target\":[\"https:\\\/\\\/www.programador.online\\\/uifor\\\/dehesas-de-fresnos-ibericos\\\/#respond\"]}]},{\"@type\":\"WebPage\",\"@id\":\"https:\\\/\\\/www.programador.online\\\/uifor\\\/dehesas-de-fresnos-ibericos\\\/\",\"url\":\"https:\\\/\\\/www.programador.online\\\/uifor\\\/dehesas-de-fresnos-ibericos\\\/\",\"name\":\"Un estudio de la UVa consigue reconstruir 250 a\u00f1os de la gesti\u00f3n de las dehesas de fresnos ib\u00e9ricos mediante el an\u00e1lisis de la madera - IUFOR\",\"isPartOf\":{\"@id\":\"https:\\\/\\\/www.programador.online\\\/uifor\\\/#website\"},\"primaryImageOfPage\":{\"@id\":\"https:\\\/\\\/www.programador.online\\\/uifor\\\/dehesas-de-fresnos-ibericos\\\/#primaryimage\"},\"image\":{\"@id\":\"https:\\\/\\\/www.programador.online\\\/uifor\\\/dehesas-de-fresnos-ibericos\\\/#primaryimage\"},\"thumbnailUrl\":\"https:\\\/\\\/www.programador.online\\\/uifor\\\/wp-content\\\/uploads\\\/2022\\\/07\\\/Fresno.jpg\",\"datePublished\":\"2022-12-23T08:57:42+00:00\",\"dateModified\":\"2023-08-24T10:28:17+00:00\",\"author\":{\"@id\":\"https:\\\/\\\/www.programador.online\\\/uifor\\\/#\\\/schema\\\/person\\\/da2110b17d1b0161a9e3525dde216783\"},\"breadcrumb\":{\"@id\":\"https:\\\/\\\/www.programador.online\\\/uifor\\\/dehesas-de-fresnos-ibericos\\\/#breadcrumb\"},\"inLanguage\":\"es\",\"potentialAction\":[{\"@type\":\"ReadAction\",\"target\":[\"https:\\\/\\\/www.programador.online\\\/uifor\\\/dehesas-de-fresnos-ibericos\\\/\"]}]},{\"@type\":\"ImageObject\",\"inLanguage\":\"es\",\"@id\":\"https:\\\/\\\/www.programador.online\\\/uifor\\\/dehesas-de-fresnos-ibericos\\\/#primaryimage\",\"url\":\"https:\\\/\\\/www.programador.online\\\/uifor\\\/wp-content\\\/uploads\\\/2022\\\/07\\\/Fresno.jpg\",\"contentUrl\":\"https:\\\/\\\/www.programador.online\\\/uifor\\\/wp-content\\\/uploads\\\/2022\\\/07\\\/Fresno.jpg\",\"width\":450,\"height\":301},{\"@type\":\"BreadcrumbList\",\"@id\":\"https:\\\/\\\/www.programador.online\\\/uifor\\\/dehesas-de-fresnos-ibericos\\\/#breadcrumb\",\"itemListElement\":[{\"@type\":\"ListItem\",\"position\":1,\"name\":\"Home\",\"item\":\"https:\\\/\\\/www.programador.online\\\/uifor\\\/\"},{\"@type\":\"ListItem\",\"position\":2,\"name\":\"Un estudio de la UVa consigue reconstruir 250 a\u00f1os de la gesti\u00f3n de las dehesas de fresnos ib\u00e9ricos mediante el an\u00e1lisis de la madera\"}]},{\"@type\":\"WebSite\",\"@id\":\"https:\\\/\\\/www.programador.online\\\/uifor\\\/#website\",\"url\":\"https:\\\/\\\/www.programador.online\\\/uifor\\\/\",\"name\":\"IUFOR\",\"description\":\"Instituto Universitario de Investigaci\u00f3n en Gesti\u00f3n Forestal Sostenible\",\"potentialAction\":[{\"@type\":\"SearchAction\",\"target\":{\"@type\":\"EntryPoint\",\"urlTemplate\":\"https:\\\/\\\/www.programador.online\\\/uifor\\\/?s={search_term_string}\"},\"query-input\":{\"@type\":\"PropertyValueSpecification\",\"valueRequired\":true,\"valueName\":\"search_term_string\"}}],\"inLanguage\":\"es\"},{\"@type\":\"Person\",\"@id\":\"https:\\\/\\\/www.programador.online\\\/uifor\\\/#\\\/schema\\\/person\\\/da2110b17d1b0161a9e3525dde216783\",\"name\":\"IUFOR\",\"image\":{\"@type\":\"ImageObject\",\"inLanguage\":\"es\",\"@id\":\"https:\\\/\\\/secure.gravatar.com\\\/avatar\\\/7a25de614035b9bf7fbc6c2b5f1661145f205724f3712e1947f913aea168cb3a?s=96&d=mm&r=g\",\"url\":\"https:\\\/\\\/secure.gravatar.com\\\/avatar\\\/7a25de614035b9bf7fbc6c2b5f1661145f205724f3712e1947f913aea168cb3a?s=96&d=mm&r=g\",\"contentUrl\":\"https:\\\/\\\/secure.gravatar.com\\\/avatar\\\/7a25de614035b9bf7fbc6c2b5f1661145f205724f3712e1947f913aea168cb3a?s=96&d=mm&r=g\",\"caption\":\"IUFOR\"},\"sameAs\":[\"https:\\\/\\\/iufor.palencia.uva.es\"],\"url\":\"https:\\\/\\\/www.programador.online\\\/uifor\\\/author\\\/admin\\\/\"}]}<\/script>\n<!-- \/ Yoast SEO plugin. -->","yoast_head_json":{"title":"Un estudio de la UVa consigue reconstruir 250 a\u00f1os de la gesti\u00f3n de las dehesas de fresnos ib\u00e9ricos mediante el an\u00e1lisis de la madera - IUFOR","robots":{"index":"index","follow":"follow","max-snippet":"max-snippet:-1","max-image-preview":"max-image-preview:large","max-video-preview":"max-video-preview:-1"},"canonical":"https:\/\/www.programador.online\/uifor\/dehesas-de-fresnos-ibericos\/","og_locale":"es_ES","og_type":"article","og_title":"Un estudio de la UVa consigue reconstruir 250 a\u00f1os de la gesti\u00f3n de las dehesas de fresnos ib\u00e9ricos mediante el an\u00e1lisis de la madera - IUFOR","og_url":"https:\/\/www.programador.online\/uifor\/dehesas-de-fresnos-ibericos\/","og_site_name":"IUFOR","article_published_time":"2022-12-23T08:57:42+00:00","article_modified_time":"2023-08-24T10:28:17+00:00","og_image":[{"width":450,"height":301,"url":"https:\/\/www.programador.online\/uifor\/wp-content\/uploads\/2022\/07\/Fresno.jpg","type":"image\/jpeg"}],"author":"IUFOR","twitter_card":"summary_large_image","twitter_misc":{"Escrito por":"IUFOR","Tiempo de lectura":"8 minutos"},"schema":{"@context":"https:\/\/schema.org","@graph":[{"@type":"Article","@id":"https:\/\/www.programador.online\/uifor\/dehesas-de-fresnos-ibericos\/#article","isPartOf":{"@id":"https:\/\/www.programador.online\/uifor\/dehesas-de-fresnos-ibericos\/"},"author":{"name":"IUFOR","@id":"https:\/\/www.programador.online\/uifor\/#\/schema\/person\/da2110b17d1b0161a9e3525dde216783"},"headline":"Un estudio de la UVa consigue reconstruir 250 a\u00f1os de la gesti\u00f3n de las dehesas de fresnos ib\u00e9ricos mediante el an\u00e1lisis de la madera","datePublished":"2022-12-23T08:57:42+00:00","dateModified":"2023-08-24T10:28:17+00:00","mainEntityOfPage":{"@id":"https:\/\/www.programador.online\/uifor\/dehesas-de-fresnos-ibericos\/"},"wordCount":1654,"commentCount":0,"image":{"@id":"https:\/\/www.programador.online\/uifor\/dehesas-de-fresnos-ibericos\/#primaryimage"},"thumbnailUrl":"https:\/\/www.programador.online\/uifor\/wp-content\/uploads\/2022\/07\/Fresno.jpg","articleSection":["Noticia"],"inLanguage":"es","potentialAction":[{"@type":"CommentAction","name":"Comment","target":["https:\/\/www.programador.online\/uifor\/dehesas-de-fresnos-ibericos\/#respond"]}]},{"@type":"WebPage","@id":"https:\/\/www.programador.online\/uifor\/dehesas-de-fresnos-ibericos\/","url":"https:\/\/www.programador.online\/uifor\/dehesas-de-fresnos-ibericos\/","name":"Un estudio de la UVa consigue reconstruir 250 a\u00f1os de la gesti\u00f3n de las dehesas de fresnos ib\u00e9ricos mediante el an\u00e1lisis de la madera - IUFOR","isPartOf":{"@id":"https:\/\/www.programador.online\/uifor\/#website"},"primaryImageOfPage":{"@id":"https:\/\/www.programador.online\/uifor\/dehesas-de-fresnos-ibericos\/#primaryimage"},"image":{"@id":"https:\/\/www.programador.online\/uifor\/dehesas-de-fresnos-ibericos\/#primaryimage"},"thumbnailUrl":"https:\/\/www.programador.online\/uifor\/wp-content\/uploads\/2022\/07\/Fresno.jpg","datePublished":"2022-12-23T08:57:42+00:00","dateModified":"2023-08-24T10:28:17+00:00","author":{"@id":"https:\/\/www.programador.online\/uifor\/#\/schema\/person\/da2110b17d1b0161a9e3525dde216783"},"breadcrumb":{"@id":"https:\/\/www.programador.online\/uifor\/dehesas-de-fresnos-ibericos\/#breadcrumb"},"inLanguage":"es","potentialAction":[{"@type":"ReadAction","target":["https:\/\/www.programador.online\/uifor\/dehesas-de-fresnos-ibericos\/"]}]},{"@type":"ImageObject","inLanguage":"es","@id":"https:\/\/www.programador.online\/uifor\/dehesas-de-fresnos-ibericos\/#primaryimage","url":"https:\/\/www.programador.online\/uifor\/wp-content\/uploads\/2022\/07\/Fresno.jpg","contentUrl":"https:\/\/www.programador.online\/uifor\/wp-content\/uploads\/2022\/07\/Fresno.jpg","width":450,"height":301},{"@type":"BreadcrumbList","@id":"https:\/\/www.programador.online\/uifor\/dehesas-de-fresnos-ibericos\/#breadcrumb","itemListElement":[{"@type":"ListItem","position":1,"name":"Home","item":"https:\/\/www.programador.online\/uifor\/"},{"@type":"ListItem","position":2,"name":"Un estudio de la UVa consigue reconstruir 250 a\u00f1os de la gesti\u00f3n de las dehesas de fresnos ib\u00e9ricos mediante el an\u00e1lisis de la madera"}]},{"@type":"WebSite","@id":"https:\/\/www.programador.online\/uifor\/#website","url":"https:\/\/www.programador.online\/uifor\/","name":"IUFOR","description":"Instituto Universitario de Investigaci\u00f3n en Gesti\u00f3n Forestal Sostenible","potentialAction":[{"@type":"SearchAction","target":{"@type":"EntryPoint","urlTemplate":"https:\/\/www.programador.online\/uifor\/?s={search_term_string}"},"query-input":{"@type":"PropertyValueSpecification","valueRequired":true,"valueName":"search_term_string"}}],"inLanguage":"es"},{"@type":"Person","@id":"https:\/\/www.programador.online\/uifor\/#\/schema\/person\/da2110b17d1b0161a9e3525dde216783","name":"IUFOR","image":{"@type":"ImageObject","inLanguage":"es","@id":"https:\/\/secure.gravatar.com\/avatar\/7a25de614035b9bf7fbc6c2b5f1661145f205724f3712e1947f913aea168cb3a?s=96&d=mm&r=g","url":"https:\/\/secure.gravatar.com\/avatar\/7a25de614035b9bf7fbc6c2b5f1661145f205724f3712e1947f913aea168cb3a?s=96&d=mm&r=g","contentUrl":"https:\/\/secure.gravatar.com\/avatar\/7a25de614035b9bf7fbc6c2b5f1661145f205724f3712e1947f913aea168cb3a?s=96&d=mm&r=g","caption":"IUFOR"},"sameAs":["https:\/\/iufor.palencia.uva.es"],"url":"https:\/\/www.programador.online\/uifor\/author\/admin\/"}]}},"_links":{"self":[{"href":"https:\/\/www.programador.online\/uifor\/wp-json\/wp\/v2\/posts\/56","targetHints":{"allow":["GET"]}}],"collection":[{"href":"https:\/\/www.programador.online\/uifor\/wp-json\/wp\/v2\/posts"}],"about":[{"href":"https:\/\/www.programador.online\/uifor\/wp-json\/wp\/v2\/types\/post"}],"author":[{"embeddable":true,"href":"https:\/\/www.programador.online\/uifor\/wp-json\/wp\/v2\/users\/2"}],"replies":[{"embeddable":true,"href":"https:\/\/www.programador.online\/uifor\/wp-json\/wp\/v2\/comments?post=56"}],"version-history":[{"count":0,"href":"https:\/\/www.programador.online\/uifor\/wp-json\/wp\/v2\/posts\/56\/revisions"}],"wp:featuredmedia":[{"embeddable":true,"href":"https:\/\/www.programador.online\/uifor\/wp-json\/wp\/v2\/media\/11208"}],"wp:attachment":[{"href":"https:\/\/www.programador.online\/uifor\/wp-json\/wp\/v2\/media?parent=56"}],"wp:term":[{"taxonomy":"category","embeddable":true,"href":"https:\/\/www.programador.online\/uifor\/wp-json\/wp\/v2\/categories?post=56"},{"taxonomy":"post_tag","embeddable":true,"href":"https:\/\/www.programador.online\/uifor\/wp-json\/wp\/v2\/tags?post=56"}],"curies":[{"name":"wp","href":"https:\/\/api.w.org\/{rel}","templated":true}]}}