{"id":55,"date":"2022-02-23T10:57:42","date_gmt":"2022-02-23T08:57:42","guid":{"rendered":"https:\/\/157.88.224.245\/?p=55"},"modified":"2023-08-24T12:36:19","modified_gmt":"2023-08-24T10:36:19","slug":"exposicion-bosques-y-cambio-climatico-un-futuro-abierto","status":"publish","type":"post","link":"https:\/\/www.programador.online\/uifor\/exposicion-bosques-y-cambio-climatico-un-futuro-abierto\/","title":{"rendered":"El Museo de la Ciencia inaugura la exposici\u00f3n coordinada por la Universidad de Valladolid &#8220;Bosques y cambio clim\u00e1tico: un futuro abierto&#8221;"},"content":{"rendered":"<p><div class=\"fusion-fullwidth fullwidth-box fusion-builder-row-1 fusion-flex-container nonhundred-percent-fullwidth non-hundred-percent-height-scrolling\" style=\"--awb-border-radius-top-left:0px;--awb-border-radius-top-right:0px;--awb-border-radius-bottom-right:0px;--awb-border-radius-bottom-left:0px;--awb-flex-wrap:wrap;\" ><div class=\"fusion-builder-row fusion-row fusion-flex-align-items-flex-start fusion-flex-content-wrap\" style=\"max-width:1289.6px;margin-left: calc(-4% \/ 2 );margin-right: calc(-4% \/ 2 );\"><div class=\"fusion-layout-column fusion_builder_column fusion-builder-column-0 fusion_builder_column_1_1 1_1 fusion-flex-column\" style=\"--awb-bg-blend:overlay;--awb-bg-size:cover;--awb-width-large:100%;--awb-margin-top-large:0px;--awb-spacing-right-large:1.92%;--awb-margin-bottom-large:0px;--awb-spacing-left-large:1.92%;--awb-width-medium:100%;--awb-spacing-right-medium:1.92%;--awb-spacing-left-medium:1.92%;--awb-width-small:100%;--awb-spacing-right-small:1.92%;--awb-spacing-left-small:1.92%;\"><div class=\"fusion-column-wrapper fusion-flex-justify-content-flex-start fusion-content-layout-column\"><div class=\"fusion-text fusion-text-1\" style=\"--awb-content-alignment:justify;\"><section>\n<p><img fetchpriority=\"high\" decoding=\"async\" class=\"alignleft size-full wp-image-11007\" src=\"http:\/\/iufor.palencia.uva.es\/wp-content\/uploads\/2022\/02\/Inauguracion-bosques-1-scaled-1.jpg\" alt=\"\" width=\"2560\" height=\"1922\" srcset=\"https:\/\/www.programador.online\/uifor\/wp-content\/uploads\/2022\/02\/Inauguracion-bosques-1-scaled-1-200x150.jpg 200w, https:\/\/www.programador.online\/uifor\/wp-content\/uploads\/2022\/02\/Inauguracion-bosques-1-scaled-1-300x225.jpg 300w, https:\/\/www.programador.online\/uifor\/wp-content\/uploads\/2022\/02\/Inauguracion-bosques-1-scaled-1-400x300.jpg 400w, https:\/\/www.programador.online\/uifor\/wp-content\/uploads\/2022\/02\/Inauguracion-bosques-1-scaled-1-600x450.jpg 600w, https:\/\/www.programador.online\/uifor\/wp-content\/uploads\/2022\/02\/Inauguracion-bosques-1-scaled-1-768x577.jpg 768w, https:\/\/www.programador.online\/uifor\/wp-content\/uploads\/2022\/02\/Inauguracion-bosques-1-scaled-1-800x601.jpg 800w, https:\/\/www.programador.online\/uifor\/wp-content\/uploads\/2022\/02\/Inauguracion-bosques-1-scaled-1-1024x769.jpg 1024w, https:\/\/www.programador.online\/uifor\/wp-content\/uploads\/2022\/02\/Inauguracion-bosques-1-scaled-1-1200x901.jpg 1200w, https:\/\/www.programador.online\/uifor\/wp-content\/uploads\/2022\/02\/Inauguracion-bosques-1-scaled-1-1536x1153.jpg 1536w, https:\/\/www.programador.online\/uifor\/wp-content\/uploads\/2022\/02\/Inauguracion-bosques-1-scaled-1.jpg 2560w\" sizes=\"(max-width: 2560px) 100vw, 2560px\" \/><\/p>\n<\/p>\n<\/section>\n<section>\n<div class=\"noticia-cuerpo\">\n<\/div>\n<\/section>\n<\/div><\/div><\/div><\/div><\/div><div class=\"fusion-fullwidth fullwidth-box fusion-builder-row-2 fusion-flex-container nonhundred-percent-fullwidth non-hundred-percent-height-scrolling\" style=\"--awb-border-radius-top-left:0px;--awb-border-radius-top-right:0px;--awb-border-radius-bottom-right:0px;--awb-border-radius-bottom-left:0px;--awb-flex-wrap:wrap;\" ><div class=\"fusion-builder-row fusion-row fusion-flex-align-items-flex-start fusion-flex-content-wrap\" style=\"max-width:1289.6px;margin-left: calc(-4% \/ 2 );margin-right: calc(-4% \/ 2 );\"><div class=\"fusion-layout-column fusion_builder_column fusion-builder-column-1 fusion_builder_column_1_1 1_1 fusion-flex-column\" style=\"--awb-bg-size:cover;--awb-width-large:100%;--awb-margin-top-large:0px;--awb-spacing-right-large:1.92%;--awb-margin-bottom-large:20px;--awb-spacing-left-large:1.92%;--awb-width-medium:100%;--awb-order-medium:0;--awb-spacing-right-medium:1.92%;--awb-spacing-left-medium:1.92%;--awb-width-small:100%;--awb-order-small:0;--awb-spacing-right-small:1.92%;--awb-spacing-left-small:1.92%;\"><div class=\"fusion-column-wrapper fusion-column-has-shadow fusion-flex-justify-content-flex-start fusion-content-layout-column\"><div class=\"fusion-text fusion-text-2\"><p style=\"text-align: justify; color: var(--awb-custom_color_3);\">\n<p style=\"text-align: justify; color: var(--awb-custom_color_3);\">\n<p style=\"text-align: justify; color: var(--awb-custom_color_3);\">El Museo de la Ciencia de Valladolid \u2013 Fundaci\u00f3n Municipal de Cultura ha inaugurado la nueva exposici\u00f3n temporal<b style=\"color: var(--awb-custom_color_4);\"> \u2018Bosques y cambio clim\u00e1tico: un futuro abierto\u2019,<\/b> una muestra coordinada por la Universidad de Valladolid que ha contado con la colaboraci\u00f3n de la Fundaci\u00f3n Espa\u00f1ola para la Ciencia y la Tecnolog\u00eda (FECYT) \u2013 Ministerio de Ciencia e Innovaci\u00f3n. En la Tierra vivimos una transformaci\u00f3n y una crisis. El cambio clim\u00e1tico es parte del cambio global, cuyas consecuencias van m\u00e1s all\u00e1 del aumento de temperaturas. El deshielo de los casquetes polares y los glaciares, los problemas de seguridad alimentaria, la destrucci\u00f3n de ecosistemas o las intensas sequ\u00edas son algunas de ellas.<\/p>\n<p style=\"text-align: justify; color: var(--awb-custom_color_3);\">\u00bfC\u00f3mo sabemos que existe un cambio clim\u00e1tico y que su origen es antr\u00f3pico? \u00bfC\u00f3mo afecta este a los bosques? \u00bfQu\u00e9 beneficios y limitaciones tiene la reforestaci\u00f3n como m\u00e9todo de lucha contra el cambio clim\u00e1tico? \u00bfEs posible obtener bienes y servicios de los bosques y conservarlos a la vez? Durante el recorrido, encontrar\u00e1n respuesta estas y otras preguntas.<\/p>\n<p style=\"text-align: justify; color: var(--awb-custom_color_3);\">A trav\u00e9s de diferentes paneles, la exposici\u00f3n tiene un doble objetivo: por un lado, descubrir las oportunidades que brindan los bosques, los cuales desempe\u00f1an un papel fundamental en la lucha contra el cambio clim\u00e1tico al comportarse como importantes sumideros de CO2 \u2013el gas de efecto invernadero cuya concentraci\u00f3n en la atm\u00f3sfera ha aumentado de forma m\u00e1s r\u00e1pida\u2013; y por otro, poner al descubierto los retos a los que estos se enfrentan.<\/p>\n<p style=\"text-align: justify; color: var(--awb-custom_color_3);\"><b style=\"color: var(--awb-custom_color_4);\">Rosario Sierra, profesora de la Universidad de Valladolid, coordinadora del proyecto y comisaria de la exposici\u00f3n<\/b>, se\u00f1ala que la muestra trata de presentar \u201cno solo resultados de la investigaci\u00f3n cient\u00edfica en estos campos, sino tambi\u00e9n aspectos relacionados con la forma de llegar a ellos y el trabajo que hay detr\u00e1s. La recogida de datos, la reconstrucci\u00f3n del clima del pasado, la predicci\u00f3n de modelos de futuro\u2026 son algunos de los pasos\u201d.<\/p>\n<p style=\"text-align: justify; color: var(--awb-custom_color_3);\">Adem\u00e1s, durante el recorrido, los visitantes aprender\u00e1n que los bosques alojan una gran parte de la biodiversidad terrestre, realizan funciones clave para el equilibrio del planeta y proporcionan bienes y servicios esenciales, cuya obtenci\u00f3n debe realizarse de una forma sostenible.<\/p>\n<p style=\"text-align: justify; color: var(--awb-custom_color_3);\">En esta l\u00ednea, diferentes vitrinas incluir\u00e1n, entre otros muchos objetos, hoteles de insectos y cajas nido; algunos productos forestales no maderables como el corcho, las resinas naturales o las plantas arom\u00e1ticas; y piezas que muestran la relaci\u00f3n entre la cultura y el bosque como los libros \u2013 cuyo papel se extrae de la celulosa de los \u00e1rboles\u2013, o los cuadros \u2013cuyos lienzos se fijan en bastidores de madera\u2013. \u201cEl objetivo de la gesti\u00f3n forestal sostenible es conciliar la conservaci\u00f3n de los ecosistemas forestales con la posibilidad de obtener de forma sostenida esos bienes y servicios\u201d, puntualiza la comisaria.<\/p>\n<p style=\"text-align: justify; color: var(--awb-custom_color_3);\">El recorrido incluye asimismo diferentes juegos interactivos en los que los visitantes podr\u00e1n aprender a calcular la edad de los \u00e1rboles a trav\u00e9s de la lectura de sus anillos o consultar en una original xiloteca informaci\u00f3n acerca de m\u00e1s de 40 tipos de maderas.<\/p>\n<p style=\"text-align: justify; color: var(--awb-custom_color_3);\">Una selecci\u00f3n de 12 \u00e1rboles y arbustos que muestran una parte de la diversidad de los bosques y diferentes audiovisuales con escenas reales de investigaci\u00f3n forestal completan la exposici\u00f3n.<\/p>\n<p style=\"text-align: justify; color: var(--awb-custom_color_3);\">Por \u00faltimo y como a\u00f1adido a la muestra, se han desarrollado actividades interactivas online como el juego <b style=\"color: var(--awb-custom_color_4);\">\u2018Adaptatre\u00e9\u2019 <\/b>y el <b style=\"color: var(--awb-custom_color_4);\">escape-room virtual \u2018Misi\u00f3n: Terra\u2019 <\/b>a los que los interesados podr\u00e1n acceder mediante c\u00f3digos QRs instalados en la sala.<\/p>\n<p style=\"text-align: justify; color: var(--awb-custom_color_3);\">La exposici\u00f3n ofrece tambi\u00e9n una versi\u00f3n virtual que se puede consultar en http:\/\/bosquesycc.uva.es.<\/p>\n<p style=\"text-align: justify; color: var(--awb-custom_color_3);\">Equipo de trabajo<\/p>\n<p style=\"text-align: justify; color: var(--awb-custom_color_3);\">Esta exposici\u00f3n es el resultado del proyecto<b style=\"color: var(--awb-custom_color_4);\"> &#8216;Ciencia en acci\u00f3n: Bosques y Emergencia Clim\u00e1tica\u2019<\/b> de la Universidad de Valladolid, financiado con la colaboraci\u00f3n de la Fundaci\u00f3n Espa\u00f1ola para la Ciencia y la Tecnolog\u00eda (FECYT) \u2013 Ministerio de Ciencia e Innovaci\u00f3n, a trav\u00e9s de las ayudas para el fomento de la cultura cient\u00edfica, tecnol\u00f3gica y de la innovaci\u00f3n.<\/p>\n<p style=\"text-align: justify; color: var(--awb-custom_color_3);\">Est\u00e1 coordinado por Rosario Sierra, profesora de la Escuela T\u00e9cnica Superior de Ingenier\u00edas Agrarias (ETSIIAA) del Campus de la UVa en Palencia e investigadora del iuFOR (instituto universitario de Investigaci\u00f3n en Gesti\u00f3n Forestal Sostenible).<\/p>\n<p style=\"text-align: justify; color: var(--awb-custom_color_3);\">El equipo est\u00e1 formado principalmente por investigadores de la UVa, con la colaboraci\u00f3n de investigadores de otros organismos (ICIFOR-INIA-CSIC, Misi\u00f3n Biol\u00f3gica de Galicia \u2013 CSIC, Universidad de Lleida, CITA-Arag\u00f3n), especialistas en diferentes disciplinas (gesti\u00f3n forestal, gen\u00e9tica, edafolog\u00eda, climatolog\u00eda, patolog\u00eda, incendios, repoblaciones, restauraci\u00f3n hidrol\u00f3gica, tecnolog\u00eda de la madera, ecolog\u00eda, micolog\u00eda, inform\u00e1tica, etc) y con distintas titulaciones (ingenieros de montes, ingenieros agr\u00f3nomos, qu\u00edmicos, f\u00edsicos, bi\u00f3logos, t\u00e9cnicos de laboratorio y carpintero). La asesor\u00eda interpretativa ha corrido a cargo del Aula de Medio Ambiente Fundaci\u00f3n Caja Burgos. En total, m\u00e1s de 40 personas han participado en este proyecto multidisciplinar.<\/p>\n<p style=\"text-align: justify; color: var(--awb-custom_color_3);\">Adem\u00e1s, se ha contado con la colaboraci\u00f3n especial de alumnos y profesores del IES Ribera de Castilla.<\/p>\n<p style=\"text-align: justify; color: var(--awb-custom_color_3);\">Con esta iniciativa se pretende fomentar la cultura cient\u00edfica, tecnol\u00f3gica e innovadora de la sociedad y su educaci\u00f3n cient\u00edfico-t\u00e9cnica e incrementar la difusi\u00f3n de los resultados de investigaci\u00f3n y la innovaci\u00f3n.<\/p>\n<p style=\"text-align: justify; color: var(--awb-custom_color_3);\">El proyecto busca divulgar metodolog\u00edas de investigaci\u00f3n sobre los bosques y el cambio clim\u00e1tico, dar visibilidad a la labor cient\u00edfica en el \u00e1mbito de la gesti\u00f3n forestal sostenible y sus relaciones con el desarrollo rural, adem\u00e1s de difundir aspectos relevantes del papel de los bosques frente al cambio clim\u00e1tico y sus mecanismos de adaptaci\u00f3n.<\/p>\n<p style=\"text-align: justify; color: var(--awb-custom_color_3);\">Conferencia de Fernando Valladares<\/p>\n<p style=\"text-align: justify; color: var(--awb-custom_color_3);\">De forma paralela a la exposici\u00f3n, tendr\u00e1 lugar la conferencia \u2018La salud planetaria\u2019 del doctor en Ciencias Biol\u00f3gicas, Fernando Valladares. Esta charla se desarrollar\u00e1 el jueves 23 de febrero de 2023 y est\u00e1 incluida en el ciclo \u2018Qu\u00e9 sabemos de\u2026\u2019 del Centro Superior de Investigaciones Cient\u00edficas (CSIC).<\/p>\n<\/div><\/div><\/div><\/div><\/div><\/p>\n","protected":false},"excerpt":{"rendered":"","protected":false},"author":2,"featured_media":11007,"comment_status":"open","ping_status":"open","sticky":false,"template":"","format":"standard","meta":{"_acf_changed":false,"footnotes":""},"categories":[129],"tags":[],"class_list":["post-55","post","type-post","status-publish","format-standard","has-post-thumbnail","hentry","category-noticia"],"acf":[],"yoast_head":"<!-- This site is optimized with the Yoast SEO plugin v27.4 - https:\/\/yoast.com\/product\/yoast-seo-wordpress\/ -->\n<title>El Museo de la Ciencia inaugura la exposici\u00f3n coordinada por la Universidad de Valladolid &quot;Bosques y cambio clim\u00e1tico: un futuro abierto&quot; - IUFOR<\/title>\n<meta name=\"robots\" content=\"index, follow, max-snippet:-1, max-image-preview:large, max-video-preview:-1\" \/>\n<link rel=\"canonical\" href=\"https:\/\/www.programador.online\/uifor\/exposicion-bosques-y-cambio-climatico-un-futuro-abierto\/\" \/>\n<meta property=\"og:locale\" content=\"es_ES\" \/>\n<meta property=\"og:type\" content=\"article\" \/>\n<meta property=\"og:title\" content=\"El Museo de la Ciencia inaugura la exposici\u00f3n coordinada por la Universidad de Valladolid &quot;Bosques y cambio clim\u00e1tico: un futuro abierto&quot; - IUFOR\" \/>\n<meta property=\"og:url\" content=\"https:\/\/www.programador.online\/uifor\/exposicion-bosques-y-cambio-climatico-un-futuro-abierto\/\" \/>\n<meta property=\"og:site_name\" content=\"IUFOR\" \/>\n<meta property=\"article:published_time\" content=\"2022-02-23T08:57:42+00:00\" \/>\n<meta property=\"article:modified_time\" content=\"2023-08-24T10:36:19+00:00\" \/>\n<meta property=\"og:image\" content=\"https:\/\/www.programador.online\/uifor\/wp-content\/uploads\/2022\/02\/Inauguracion-bosques-1-scaled-1.jpg\" \/>\n\t<meta property=\"og:image:width\" content=\"2560\" \/>\n\t<meta property=\"og:image:height\" content=\"1922\" \/>\n\t<meta property=\"og:image:type\" content=\"image\/jpeg\" \/>\n<meta name=\"author\" content=\"IUFOR\" \/>\n<meta name=\"twitter:card\" content=\"summary_large_image\" \/>\n<meta name=\"twitter:label1\" content=\"Escrito por\" \/>\n\t<meta name=\"twitter:data1\" content=\"IUFOR\" \/>\n\t<meta name=\"twitter:label2\" content=\"Tiempo de lectura\" \/>\n\t<meta name=\"twitter:data2\" content=\"8 minutos\" \/>\n<script type=\"application\/ld+json\" class=\"yoast-schema-graph\">{\"@context\":\"https:\\\/\\\/schema.org\",\"@graph\":[{\"@type\":\"Article\",\"@id\":\"https:\\\/\\\/www.programador.online\\\/uifor\\\/exposicion-bosques-y-cambio-climatico-un-futuro-abierto\\\/#article\",\"isPartOf\":{\"@id\":\"https:\\\/\\\/www.programador.online\\\/uifor\\\/exposicion-bosques-y-cambio-climatico-un-futuro-abierto\\\/\"},\"author\":{\"name\":\"IUFOR\",\"@id\":\"https:\\\/\\\/www.programador.online\\\/uifor\\\/#\\\/schema\\\/person\\\/da2110b17d1b0161a9e3525dde216783\"},\"headline\":\"El Museo de la Ciencia inaugura la exposici\u00f3n coordinada por la Universidad de Valladolid &#8220;Bosques y cambio clim\u00e1tico: un futuro abierto&#8221;\",\"datePublished\":\"2022-02-23T08:57:42+00:00\",\"dateModified\":\"2023-08-24T10:36:19+00:00\",\"mainEntityOfPage\":{\"@id\":\"https:\\\/\\\/www.programador.online\\\/uifor\\\/exposicion-bosques-y-cambio-climatico-un-futuro-abierto\\\/\"},\"wordCount\":1589,\"commentCount\":0,\"image\":{\"@id\":\"https:\\\/\\\/www.programador.online\\\/uifor\\\/exposicion-bosques-y-cambio-climatico-un-futuro-abierto\\\/#primaryimage\"},\"thumbnailUrl\":\"https:\\\/\\\/www.programador.online\\\/uifor\\\/wp-content\\\/uploads\\\/2022\\\/02\\\/Inauguracion-bosques-1-scaled-1.jpg\",\"articleSection\":[\"Noticia\"],\"inLanguage\":\"es\",\"potentialAction\":[{\"@type\":\"CommentAction\",\"name\":\"Comment\",\"target\":[\"https:\\\/\\\/www.programador.online\\\/uifor\\\/exposicion-bosques-y-cambio-climatico-un-futuro-abierto\\\/#respond\"]}]},{\"@type\":\"WebPage\",\"@id\":\"https:\\\/\\\/www.programador.online\\\/uifor\\\/exposicion-bosques-y-cambio-climatico-un-futuro-abierto\\\/\",\"url\":\"https:\\\/\\\/www.programador.online\\\/uifor\\\/exposicion-bosques-y-cambio-climatico-un-futuro-abierto\\\/\",\"name\":\"El Museo de la Ciencia inaugura la exposici\u00f3n coordinada por la Universidad de Valladolid \\\"Bosques y cambio clim\u00e1tico: un futuro abierto\\\" - IUFOR\",\"isPartOf\":{\"@id\":\"https:\\\/\\\/www.programador.online\\\/uifor\\\/#website\"},\"primaryImageOfPage\":{\"@id\":\"https:\\\/\\\/www.programador.online\\\/uifor\\\/exposicion-bosques-y-cambio-climatico-un-futuro-abierto\\\/#primaryimage\"},\"image\":{\"@id\":\"https:\\\/\\\/www.programador.online\\\/uifor\\\/exposicion-bosques-y-cambio-climatico-un-futuro-abierto\\\/#primaryimage\"},\"thumbnailUrl\":\"https:\\\/\\\/www.programador.online\\\/uifor\\\/wp-content\\\/uploads\\\/2022\\\/02\\\/Inauguracion-bosques-1-scaled-1.jpg\",\"datePublished\":\"2022-02-23T08:57:42+00:00\",\"dateModified\":\"2023-08-24T10:36:19+00:00\",\"author\":{\"@id\":\"https:\\\/\\\/www.programador.online\\\/uifor\\\/#\\\/schema\\\/person\\\/da2110b17d1b0161a9e3525dde216783\"},\"breadcrumb\":{\"@id\":\"https:\\\/\\\/www.programador.online\\\/uifor\\\/exposicion-bosques-y-cambio-climatico-un-futuro-abierto\\\/#breadcrumb\"},\"inLanguage\":\"es\",\"potentialAction\":[{\"@type\":\"ReadAction\",\"target\":[\"https:\\\/\\\/www.programador.online\\\/uifor\\\/exposicion-bosques-y-cambio-climatico-un-futuro-abierto\\\/\"]}]},{\"@type\":\"ImageObject\",\"inLanguage\":\"es\",\"@id\":\"https:\\\/\\\/www.programador.online\\\/uifor\\\/exposicion-bosques-y-cambio-climatico-un-futuro-abierto\\\/#primaryimage\",\"url\":\"https:\\\/\\\/www.programador.online\\\/uifor\\\/wp-content\\\/uploads\\\/2022\\\/02\\\/Inauguracion-bosques-1-scaled-1.jpg\",\"contentUrl\":\"https:\\\/\\\/www.programador.online\\\/uifor\\\/wp-content\\\/uploads\\\/2022\\\/02\\\/Inauguracion-bosques-1-scaled-1.jpg\",\"width\":2560,\"height\":1922},{\"@type\":\"BreadcrumbList\",\"@id\":\"https:\\\/\\\/www.programador.online\\\/uifor\\\/exposicion-bosques-y-cambio-climatico-un-futuro-abierto\\\/#breadcrumb\",\"itemListElement\":[{\"@type\":\"ListItem\",\"position\":1,\"name\":\"Home\",\"item\":\"https:\\\/\\\/www.programador.online\\\/uifor\\\/\"},{\"@type\":\"ListItem\",\"position\":2,\"name\":\"El Museo de la Ciencia inaugura la exposici\u00f3n coordinada por la Universidad de Valladolid &#8220;Bosques y cambio clim\u00e1tico: un futuro abierto&#8221;\"}]},{\"@type\":\"WebSite\",\"@id\":\"https:\\\/\\\/www.programador.online\\\/uifor\\\/#website\",\"url\":\"https:\\\/\\\/www.programador.online\\\/uifor\\\/\",\"name\":\"IUFOR\",\"description\":\"Instituto Universitario de Investigaci\u00f3n en Gesti\u00f3n Forestal Sostenible\",\"potentialAction\":[{\"@type\":\"SearchAction\",\"target\":{\"@type\":\"EntryPoint\",\"urlTemplate\":\"https:\\\/\\\/www.programador.online\\\/uifor\\\/?s={search_term_string}\"},\"query-input\":{\"@type\":\"PropertyValueSpecification\",\"valueRequired\":true,\"valueName\":\"search_term_string\"}}],\"inLanguage\":\"es\"},{\"@type\":\"Person\",\"@id\":\"https:\\\/\\\/www.programador.online\\\/uifor\\\/#\\\/schema\\\/person\\\/da2110b17d1b0161a9e3525dde216783\",\"name\":\"IUFOR\",\"image\":{\"@type\":\"ImageObject\",\"inLanguage\":\"es\",\"@id\":\"https:\\\/\\\/secure.gravatar.com\\\/avatar\\\/7a25de614035b9bf7fbc6c2b5f1661145f205724f3712e1947f913aea168cb3a?s=96&d=mm&r=g\",\"url\":\"https:\\\/\\\/secure.gravatar.com\\\/avatar\\\/7a25de614035b9bf7fbc6c2b5f1661145f205724f3712e1947f913aea168cb3a?s=96&d=mm&r=g\",\"contentUrl\":\"https:\\\/\\\/secure.gravatar.com\\\/avatar\\\/7a25de614035b9bf7fbc6c2b5f1661145f205724f3712e1947f913aea168cb3a?s=96&d=mm&r=g\",\"caption\":\"IUFOR\"},\"sameAs\":[\"https:\\\/\\\/iufor.palencia.uva.es\"],\"url\":\"https:\\\/\\\/www.programador.online\\\/uifor\\\/author\\\/admin\\\/\"}]}<\/script>\n<!-- \/ Yoast SEO plugin. -->","yoast_head_json":{"title":"El Museo de la Ciencia inaugura la exposici\u00f3n coordinada por la Universidad de Valladolid \"Bosques y cambio clim\u00e1tico: un futuro abierto\" - IUFOR","robots":{"index":"index","follow":"follow","max-snippet":"max-snippet:-1","max-image-preview":"max-image-preview:large","max-video-preview":"max-video-preview:-1"},"canonical":"https:\/\/www.programador.online\/uifor\/exposicion-bosques-y-cambio-climatico-un-futuro-abierto\/","og_locale":"es_ES","og_type":"article","og_title":"El Museo de la Ciencia inaugura la exposici\u00f3n coordinada por la Universidad de Valladolid \"Bosques y cambio clim\u00e1tico: un futuro abierto\" - IUFOR","og_url":"https:\/\/www.programador.online\/uifor\/exposicion-bosques-y-cambio-climatico-un-futuro-abierto\/","og_site_name":"IUFOR","article_published_time":"2022-02-23T08:57:42+00:00","article_modified_time":"2023-08-24T10:36:19+00:00","og_image":[{"width":2560,"height":1922,"url":"https:\/\/www.programador.online\/uifor\/wp-content\/uploads\/2022\/02\/Inauguracion-bosques-1-scaled-1.jpg","type":"image\/jpeg"}],"author":"IUFOR","twitter_card":"summary_large_image","twitter_misc":{"Escrito por":"IUFOR","Tiempo de lectura":"8 minutos"},"schema":{"@context":"https:\/\/schema.org","@graph":[{"@type":"Article","@id":"https:\/\/www.programador.online\/uifor\/exposicion-bosques-y-cambio-climatico-un-futuro-abierto\/#article","isPartOf":{"@id":"https:\/\/www.programador.online\/uifor\/exposicion-bosques-y-cambio-climatico-un-futuro-abierto\/"},"author":{"name":"IUFOR","@id":"https:\/\/www.programador.online\/uifor\/#\/schema\/person\/da2110b17d1b0161a9e3525dde216783"},"headline":"El Museo de la Ciencia inaugura la exposici\u00f3n coordinada por la Universidad de Valladolid &#8220;Bosques y cambio clim\u00e1tico: un futuro abierto&#8221;","datePublished":"2022-02-23T08:57:42+00:00","dateModified":"2023-08-24T10:36:19+00:00","mainEntityOfPage":{"@id":"https:\/\/www.programador.online\/uifor\/exposicion-bosques-y-cambio-climatico-un-futuro-abierto\/"},"wordCount":1589,"commentCount":0,"image":{"@id":"https:\/\/www.programador.online\/uifor\/exposicion-bosques-y-cambio-climatico-un-futuro-abierto\/#primaryimage"},"thumbnailUrl":"https:\/\/www.programador.online\/uifor\/wp-content\/uploads\/2022\/02\/Inauguracion-bosques-1-scaled-1.jpg","articleSection":["Noticia"],"inLanguage":"es","potentialAction":[{"@type":"CommentAction","name":"Comment","target":["https:\/\/www.programador.online\/uifor\/exposicion-bosques-y-cambio-climatico-un-futuro-abierto\/#respond"]}]},{"@type":"WebPage","@id":"https:\/\/www.programador.online\/uifor\/exposicion-bosques-y-cambio-climatico-un-futuro-abierto\/","url":"https:\/\/www.programador.online\/uifor\/exposicion-bosques-y-cambio-climatico-un-futuro-abierto\/","name":"El Museo de la Ciencia inaugura la exposici\u00f3n coordinada por la Universidad de Valladolid \"Bosques y cambio clim\u00e1tico: un futuro abierto\" - IUFOR","isPartOf":{"@id":"https:\/\/www.programador.online\/uifor\/#website"},"primaryImageOfPage":{"@id":"https:\/\/www.programador.online\/uifor\/exposicion-bosques-y-cambio-climatico-un-futuro-abierto\/#primaryimage"},"image":{"@id":"https:\/\/www.programador.online\/uifor\/exposicion-bosques-y-cambio-climatico-un-futuro-abierto\/#primaryimage"},"thumbnailUrl":"https:\/\/www.programador.online\/uifor\/wp-content\/uploads\/2022\/02\/Inauguracion-bosques-1-scaled-1.jpg","datePublished":"2022-02-23T08:57:42+00:00","dateModified":"2023-08-24T10:36:19+00:00","author":{"@id":"https:\/\/www.programador.online\/uifor\/#\/schema\/person\/da2110b17d1b0161a9e3525dde216783"},"breadcrumb":{"@id":"https:\/\/www.programador.online\/uifor\/exposicion-bosques-y-cambio-climatico-un-futuro-abierto\/#breadcrumb"},"inLanguage":"es","potentialAction":[{"@type":"ReadAction","target":["https:\/\/www.programador.online\/uifor\/exposicion-bosques-y-cambio-climatico-un-futuro-abierto\/"]}]},{"@type":"ImageObject","inLanguage":"es","@id":"https:\/\/www.programador.online\/uifor\/exposicion-bosques-y-cambio-climatico-un-futuro-abierto\/#primaryimage","url":"https:\/\/www.programador.online\/uifor\/wp-content\/uploads\/2022\/02\/Inauguracion-bosques-1-scaled-1.jpg","contentUrl":"https:\/\/www.programador.online\/uifor\/wp-content\/uploads\/2022\/02\/Inauguracion-bosques-1-scaled-1.jpg","width":2560,"height":1922},{"@type":"BreadcrumbList","@id":"https:\/\/www.programador.online\/uifor\/exposicion-bosques-y-cambio-climatico-un-futuro-abierto\/#breadcrumb","itemListElement":[{"@type":"ListItem","position":1,"name":"Home","item":"https:\/\/www.programador.online\/uifor\/"},{"@type":"ListItem","position":2,"name":"El Museo de la Ciencia inaugura la exposici\u00f3n coordinada por la Universidad de Valladolid &#8220;Bosques y cambio clim\u00e1tico: un futuro abierto&#8221;"}]},{"@type":"WebSite","@id":"https:\/\/www.programador.online\/uifor\/#website","url":"https:\/\/www.programador.online\/uifor\/","name":"IUFOR","description":"Instituto Universitario de Investigaci\u00f3n en Gesti\u00f3n Forestal Sostenible","potentialAction":[{"@type":"SearchAction","target":{"@type":"EntryPoint","urlTemplate":"https:\/\/www.programador.online\/uifor\/?s={search_term_string}"},"query-input":{"@type":"PropertyValueSpecification","valueRequired":true,"valueName":"search_term_string"}}],"inLanguage":"es"},{"@type":"Person","@id":"https:\/\/www.programador.online\/uifor\/#\/schema\/person\/da2110b17d1b0161a9e3525dde216783","name":"IUFOR","image":{"@type":"ImageObject","inLanguage":"es","@id":"https:\/\/secure.gravatar.com\/avatar\/7a25de614035b9bf7fbc6c2b5f1661145f205724f3712e1947f913aea168cb3a?s=96&d=mm&r=g","url":"https:\/\/secure.gravatar.com\/avatar\/7a25de614035b9bf7fbc6c2b5f1661145f205724f3712e1947f913aea168cb3a?s=96&d=mm&r=g","contentUrl":"https:\/\/secure.gravatar.com\/avatar\/7a25de614035b9bf7fbc6c2b5f1661145f205724f3712e1947f913aea168cb3a?s=96&d=mm&r=g","caption":"IUFOR"},"sameAs":["https:\/\/iufor.palencia.uva.es"],"url":"https:\/\/www.programador.online\/uifor\/author\/admin\/"}]}},"_links":{"self":[{"href":"https:\/\/www.programador.online\/uifor\/wp-json\/wp\/v2\/posts\/55","targetHints":{"allow":["GET"]}}],"collection":[{"href":"https:\/\/www.programador.online\/uifor\/wp-json\/wp\/v2\/posts"}],"about":[{"href":"https:\/\/www.programador.online\/uifor\/wp-json\/wp\/v2\/types\/post"}],"author":[{"embeddable":true,"href":"https:\/\/www.programador.online\/uifor\/wp-json\/wp\/v2\/users\/2"}],"replies":[{"embeddable":true,"href":"https:\/\/www.programador.online\/uifor\/wp-json\/wp\/v2\/comments?post=55"}],"version-history":[{"count":0,"href":"https:\/\/www.programador.online\/uifor\/wp-json\/wp\/v2\/posts\/55\/revisions"}],"wp:featuredmedia":[{"embeddable":true,"href":"https:\/\/www.programador.online\/uifor\/wp-json\/wp\/v2\/media\/11007"}],"wp:attachment":[{"href":"https:\/\/www.programador.online\/uifor\/wp-json\/wp\/v2\/media?parent=55"}],"wp:term":[{"taxonomy":"category","embeddable":true,"href":"https:\/\/www.programador.online\/uifor\/wp-json\/wp\/v2\/categories?post=55"},{"taxonomy":"post_tag","embeddable":true,"href":"https:\/\/www.programador.online\/uifor\/wp-json\/wp\/v2\/tags?post=55"}],"curies":[{"name":"wp","href":"https:\/\/api.w.org\/{rel}","templated":true}]}}