{"id":54,"date":"2022-11-15T10:57:42","date_gmt":"2022-11-15T08:57:42","guid":{"rendered":"https:\/\/157.88.224.245\/?p=54"},"modified":"2023-08-24T12:31:53","modified_gmt":"2023-08-24T10:31:53","slug":"unidad-asociada-de-idi-csic-gestion-forestal-sostenible","status":"publish","type":"post","link":"https:\/\/www.programador.online\/uifor\/unidad-asociada-de-idi-csic-gestion-forestal-sostenible\/","title":{"rendered":"La Universidad de Valladolid se adhiere a la Unidad Asociada de I+D+i al CSIC \u201cGesti\u00f3n Forestal Sostenible\u201d"},"content":{"rendered":"<p><div class=\"fusion-fullwidth fullwidth-box fusion-builder-row-1 fusion-flex-container nonhundred-percent-fullwidth non-hundred-percent-height-scrolling\" style=\"--awb-border-radius-top-left:0px;--awb-border-radius-top-right:0px;--awb-border-radius-bottom-right:0px;--awb-border-radius-bottom-left:0px;--awb-flex-wrap:wrap;\" ><div class=\"fusion-builder-row fusion-row fusion-flex-align-items-flex-start fusion-flex-content-wrap\" style=\"max-width:1289.6px;margin-left: calc(-4% \/ 2 );margin-right: calc(-4% \/ 2 );\"><div class=\"fusion-layout-column fusion_builder_column fusion-builder-column-0 fusion_builder_column_1_1 1_1 fusion-flex-column\" style=\"--awb-bg-size:cover;--awb-width-large:100%;--awb-margin-top-large:0px;--awb-spacing-right-large:0%;--awb-margin-bottom-large:65px;--awb-spacing-left-large:0%;--awb-width-medium:100%;--awb-order-medium:0;--awb-spacing-right-medium:0%;--awb-spacing-left-medium:0%;--awb-width-small:100%;--awb-order-small:0;--awb-spacing-right-small:1.92%;--awb-margin-bottom-small:50px;--awb-spacing-left-small:1.92%;\"><div class=\"fusion-column-wrapper fusion-column-has-shadow fusion-flex-justify-content-flex-start fusion-content-layout-column\"><div class=\"fusion-image-element \" style=\"text-align:center;--awb-aspect-ratio:16 \/ 9;--awb-caption-title-font-family:var(--h2_typography-font-family);--awb-caption-title-font-weight:var(--h2_typography-font-weight);--awb-caption-title-font-style:var(--h2_typography-font-style);--awb-caption-title-size:var(--h2_typography-font-size);--awb-caption-title-transform:var(--h2_typography-text-transform);--awb-caption-title-line-height:var(--h2_typography-line-height);--awb-caption-title-letter-spacing:var(--h2_typography-letter-spacing);\"><span class=\" fusion-imageframe imageframe-none imageframe-1 hover-type-none has-aspect-ratio\"><img fetchpriority=\"high\" fetchpriority=\"high\" decoding=\"async\" width=\"567\" height=\"329\" title=\"iuFOR_UnidadAsociada 2\" src=\"http:\/\/iufor.palencia.uva.es\/wp-content\/uploads\/2022\/07\/iuFOR_UnidadAsociada-2.png\" class=\"img-responsive wp-image-11203 img-with-aspect-ratio\" data-parent-fit=\"cover\" data-parent-container=\".fusion-image-element\" alt srcset=\"https:\/\/www.programador.online\/uifor\/wp-content\/uploads\/2022\/07\/iuFOR_UnidadAsociada-2-200x116.png 200w, https:\/\/www.programador.online\/uifor\/wp-content\/uploads\/2022\/07\/iuFOR_UnidadAsociada-2-400x232.png 400w, https:\/\/www.programador.online\/uifor\/wp-content\/uploads\/2022\/07\/iuFOR_UnidadAsociada-2.png 567w\" sizes=\"(max-width: 640px) 100vw, 567px\" \/><\/span><\/div><\/div><\/div><div class=\"fusion-layout-column fusion_builder_column fusion-builder-column-1 fusion_builder_column_1_1 1_1 fusion-flex-column\" style=\"--awb-padding-right:60px;--awb-padding-left:60px;--awb-bg-size:cover;--awb-width-large:100%;--awb-margin-top-large:0px;--awb-spacing-right-large:1.92%;--awb-margin-bottom-large:65px;--awb-spacing-left-large:1.92%;--awb-width-medium:100%;--awb-order-medium:0;--awb-spacing-right-medium:1.92%;--awb-spacing-left-medium:1.92%;--awb-width-small:100%;--awb-order-small:0;--awb-spacing-right-small:1.92%;--awb-margin-bottom-small:35px;--awb-spacing-left-small:1.92%;\"><div class=\"fusion-column-wrapper fusion-column-has-shadow fusion-flex-justify-content-flex-start fusion-content-layout-column\"><div class=\"fusion-text fusion-text-1\" style=\"--awb-content-alignment:justify;--awb-font-size:20px;--awb-line-height:32px;--awb-text-font-family:&quot;Lexend&quot;;--awb-text-font-style:normal;--awb-text-font-weight:300;\"><section>\n<div class=\"noticia-subtitulo\"><span style=\"color: var(--awb-custom_color_3); font-size: 16px;\" data-fusion-font=\"true\">A trav\u00e9s del Instituto Universitario en Gesti\u00f3n Forestal Sostenible (iuFOR-UVa), y junto al Instituto de Ciencias Forestales del INIA y del Museo Nacional de Ciencias Naturales, ambos pertenecientes al CSIC.<\/span><\/div>\n<p><span style=\"color: var(--awb-custom_color_3);\"><br \/><\/span><\/p>\n<\/section>\n<section>\n<div class=\"noticia-entradilla\">\n<p style=\"color: var(--awb-custom_color_3); font-size: 16px;\" data-fusion-font=\"true\">El Instituto Universitario en Gesti\u00f3n Forestal Sostenible (iuFOR-UVa), el Instituto de Ciencias Forestales del INIA (ICIFOR) y el Museo Nacional de Ciencias Naturales (MNCN), han puesto en marcha la Unidad Asociada de I+D+i al CSIC \u201cGesti\u00f3n Forestal Sostenible\u201d.<\/p>\n<\/div>\n<\/section>\n<section>\n<div class=\"noticia-cuerpo\">\n<p style=\"color: var(--awb-custom_color_3); font-size: 16px;\" data-fusion-font=\"true\">La Unidad celebr\u00f3 el pasado 4 de noviembre su primera reuni\u00f3n en la sede del Instituto Nacional de Investigaci\u00f3n y Tecnolog\u00eda Agraria y Alimentaria (INIA\u2013CSIC) en la que participaron 25 investigadores de los centros implicados, en el caso del iuFOR, acudieron tanto miembros del Instituto en el Campus de Palencia, como en el de Soria. Adem\u00e1s de investigadores del ICIFOR, como del MNCN.<\/p>\n<p style=\"color: var(--awb-custom_color_3); font-size: 16px;\" data-fusion-font=\"true\">La reuni\u00f3n sirvi\u00f3 para definir y planificar las actividades que se van a desarrollar desde esta Unidad Asociada, entre otras, de investigaci\u00f3n, desarrollo e innovaci\u00f3n en el \u00e1mbito de la gesti\u00f3n forestal sostenible; actividades de transferencia al sector forestal y a la sociedad; formaci\u00f3n del personal investigador, incluyendo actividades docentes en M\u00e1steres de la UVA y codirecci\u00f3n de tesis doctorales; y optimizaci\u00f3n del uso de instalaciones, equipamiento y parcelas experimentales en campo.<\/p>\n<p style=\"color: var(--awb-custom_color_3); font-size: 16px;\" data-fusion-font=\"true\">Una colaboraci\u00f3n cient\u00edfica que se desarrollar\u00e1 para cumplir con distintas tem\u00e1ticas de la Gesti\u00f3n Forestal Sostenible, como son la protecci\u00f3n, gen\u00e9tica, ecolog\u00eda y manejo forestales o la gesti\u00f3n de fauna.<\/p>\n<p style=\"color: var(--awb-custom_color_3);\"><b style=\"color: var(--awb-custom_color_4); font-size: 16px;\" data-fusion-font=\"true\">La creaci\u00f3n de esta Unidad Asociada de I+D+i al CSIC,  iuFOR-UVa<\/b><span data-fusion-font=\"true\" style=\"font-size: 16px;\">, tiene como objetivo principal continuar con la labor que se viene desarrollando desde el 2010, a\u00f1o en el que se cre\u00f3 el Instituto Mixto de Investigaci\u00f3n en Gesti\u00f3n Forestal Sostenible Universidad de Valladolid-INIA (iuFOR), como una unidad de investigaci\u00f3n y desarrollo de car\u00e1cter mixto y de titularidad compartida entre la Universidad de Valladolid y el INIA, y que tras la integraci\u00f3n de este \u00faltimo Instituto en el CSIC se transforma en la Unidad Asociada de I+D+i al CSIC.<\/span><\/p>\n<\/div>\n<\/section>\n<\/div><\/div><\/div><\/div><\/div><div class=\"fusion-fullwidth fullwidth-box fusion-builder-row-2 fusion-flex-container nonhundred-percent-fullwidth non-hundred-percent-height-scrolling\" style=\"--awb-border-radius-top-left:0px;--awb-border-radius-top-right:0px;--awb-border-radius-bottom-right:0px;--awb-border-radius-bottom-left:0px;--awb-margin-bottom:45px;--awb-flex-wrap:wrap;\" ><div class=\"fusion-builder-row fusion-row fusion-flex-align-items-flex-start fusion-flex-content-wrap\" style=\"max-width:1289.6px;margin-left: calc(-4% \/ 2 );margin-right: calc(-4% \/ 2 );\"><\/div><\/div><\/p>\n","protected":false},"excerpt":{"rendered":"","protected":false},"author":2,"featured_media":11203,"comment_status":"open","ping_status":"open","sticky":false,"template":"","format":"standard","meta":{"_acf_changed":false,"footnotes":""},"categories":[129],"tags":[],"class_list":["post-54","post","type-post","status-publish","format-standard","has-post-thumbnail","hentry","category-noticia"],"acf":[],"yoast_head":"<!-- This site is optimized with the Yoast SEO plugin v27.4 - https:\/\/yoast.com\/product\/yoast-seo-wordpress\/ -->\n<title>La Universidad de Valladolid se adhiere a la Unidad Asociada de I+D+i al CSIC \u201cGesti\u00f3n Forestal Sostenible\u201d - IUFOR<\/title>\n<meta name=\"robots\" content=\"index, follow, max-snippet:-1, max-image-preview:large, max-video-preview:-1\" \/>\n<link rel=\"canonical\" href=\"https:\/\/www.programador.online\/uifor\/unidad-asociada-de-idi-csic-gestion-forestal-sostenible\/\" \/>\n<meta property=\"og:locale\" content=\"es_ES\" \/>\n<meta property=\"og:type\" content=\"article\" \/>\n<meta property=\"og:title\" content=\"La Universidad de Valladolid se adhiere a la Unidad Asociada de I+D+i al CSIC \u201cGesti\u00f3n Forestal Sostenible\u201d - IUFOR\" \/>\n<meta property=\"og:url\" content=\"https:\/\/www.programador.online\/uifor\/unidad-asociada-de-idi-csic-gestion-forestal-sostenible\/\" \/>\n<meta property=\"og:site_name\" content=\"IUFOR\" \/>\n<meta property=\"article:published_time\" content=\"2022-11-15T08:57:42+00:00\" \/>\n<meta property=\"article:modified_time\" content=\"2023-08-24T10:31:53+00:00\" \/>\n<meta property=\"og:image\" content=\"https:\/\/www.programador.online\/uifor\/wp-content\/uploads\/2022\/07\/iuFOR_UnidadAsociada-2.png\" \/>\n\t<meta property=\"og:image:width\" content=\"567\" \/>\n\t<meta property=\"og:image:height\" content=\"329\" \/>\n\t<meta property=\"og:image:type\" content=\"image\/png\" \/>\n<meta name=\"author\" content=\"IUFOR\" \/>\n<meta name=\"twitter:card\" content=\"summary_large_image\" \/>\n<meta name=\"twitter:label1\" content=\"Escrito por\" \/>\n\t<meta name=\"twitter:data1\" content=\"IUFOR\" \/>\n\t<meta name=\"twitter:label2\" content=\"Tiempo de lectura\" \/>\n\t<meta name=\"twitter:data2\" content=\"6 minutos\" \/>\n<script type=\"application\/ld+json\" class=\"yoast-schema-graph\">{\"@context\":\"https:\\\/\\\/schema.org\",\"@graph\":[{\"@type\":\"Article\",\"@id\":\"https:\\\/\\\/www.programador.online\\\/uifor\\\/unidad-asociada-de-idi-csic-gestion-forestal-sostenible\\\/#article\",\"isPartOf\":{\"@id\":\"https:\\\/\\\/www.programador.online\\\/uifor\\\/unidad-asociada-de-idi-csic-gestion-forestal-sostenible\\\/\"},\"author\":{\"name\":\"IUFOR\",\"@id\":\"https:\\\/\\\/www.programador.online\\\/uifor\\\/#\\\/schema\\\/person\\\/da2110b17d1b0161a9e3525dde216783\"},\"headline\":\"La Universidad de Valladolid se adhiere a la Unidad Asociada de I+D+i al CSIC \u201cGesti\u00f3n Forestal Sostenible\u201d\",\"datePublished\":\"2022-11-15T08:57:42+00:00\",\"dateModified\":\"2023-08-24T10:31:53+00:00\",\"mainEntityOfPage\":{\"@id\":\"https:\\\/\\\/www.programador.online\\\/uifor\\\/unidad-asociada-de-idi-csic-gestion-forestal-sostenible\\\/\"},\"wordCount\":1201,\"commentCount\":0,\"image\":{\"@id\":\"https:\\\/\\\/www.programador.online\\\/uifor\\\/unidad-asociada-de-idi-csic-gestion-forestal-sostenible\\\/#primaryimage\"},\"thumbnailUrl\":\"https:\\\/\\\/www.programador.online\\\/uifor\\\/wp-content\\\/uploads\\\/2022\\\/07\\\/iuFOR_UnidadAsociada-2.png\",\"articleSection\":[\"Noticia\"],\"inLanguage\":\"es\",\"potentialAction\":[{\"@type\":\"CommentAction\",\"name\":\"Comment\",\"target\":[\"https:\\\/\\\/www.programador.online\\\/uifor\\\/unidad-asociada-de-idi-csic-gestion-forestal-sostenible\\\/#respond\"]}]},{\"@type\":\"WebPage\",\"@id\":\"https:\\\/\\\/www.programador.online\\\/uifor\\\/unidad-asociada-de-idi-csic-gestion-forestal-sostenible\\\/\",\"url\":\"https:\\\/\\\/www.programador.online\\\/uifor\\\/unidad-asociada-de-idi-csic-gestion-forestal-sostenible\\\/\",\"name\":\"La Universidad de Valladolid se adhiere a la Unidad Asociada de I+D+i al CSIC \u201cGesti\u00f3n Forestal Sostenible\u201d - IUFOR\",\"isPartOf\":{\"@id\":\"https:\\\/\\\/www.programador.online\\\/uifor\\\/#website\"},\"primaryImageOfPage\":{\"@id\":\"https:\\\/\\\/www.programador.online\\\/uifor\\\/unidad-asociada-de-idi-csic-gestion-forestal-sostenible\\\/#primaryimage\"},\"image\":{\"@id\":\"https:\\\/\\\/www.programador.online\\\/uifor\\\/unidad-asociada-de-idi-csic-gestion-forestal-sostenible\\\/#primaryimage\"},\"thumbnailUrl\":\"https:\\\/\\\/www.programador.online\\\/uifor\\\/wp-content\\\/uploads\\\/2022\\\/07\\\/iuFOR_UnidadAsociada-2.png\",\"datePublished\":\"2022-11-15T08:57:42+00:00\",\"dateModified\":\"2023-08-24T10:31:53+00:00\",\"author\":{\"@id\":\"https:\\\/\\\/www.programador.online\\\/uifor\\\/#\\\/schema\\\/person\\\/da2110b17d1b0161a9e3525dde216783\"},\"breadcrumb\":{\"@id\":\"https:\\\/\\\/www.programador.online\\\/uifor\\\/unidad-asociada-de-idi-csic-gestion-forestal-sostenible\\\/#breadcrumb\"},\"inLanguage\":\"es\",\"potentialAction\":[{\"@type\":\"ReadAction\",\"target\":[\"https:\\\/\\\/www.programador.online\\\/uifor\\\/unidad-asociada-de-idi-csic-gestion-forestal-sostenible\\\/\"]}]},{\"@type\":\"ImageObject\",\"inLanguage\":\"es\",\"@id\":\"https:\\\/\\\/www.programador.online\\\/uifor\\\/unidad-asociada-de-idi-csic-gestion-forestal-sostenible\\\/#primaryimage\",\"url\":\"https:\\\/\\\/www.programador.online\\\/uifor\\\/wp-content\\\/uploads\\\/2022\\\/07\\\/iuFOR_UnidadAsociada-2.png\",\"contentUrl\":\"https:\\\/\\\/www.programador.online\\\/uifor\\\/wp-content\\\/uploads\\\/2022\\\/07\\\/iuFOR_UnidadAsociada-2.png\",\"width\":567,\"height\":329},{\"@type\":\"BreadcrumbList\",\"@id\":\"https:\\\/\\\/www.programador.online\\\/uifor\\\/unidad-asociada-de-idi-csic-gestion-forestal-sostenible\\\/#breadcrumb\",\"itemListElement\":[{\"@type\":\"ListItem\",\"position\":1,\"name\":\"Home\",\"item\":\"https:\\\/\\\/www.programador.online\\\/uifor\\\/\"},{\"@type\":\"ListItem\",\"position\":2,\"name\":\"La Universidad de Valladolid se adhiere a la Unidad Asociada de I+D+i al CSIC \u201cGesti\u00f3n Forestal Sostenible\u201d\"}]},{\"@type\":\"WebSite\",\"@id\":\"https:\\\/\\\/www.programador.online\\\/uifor\\\/#website\",\"url\":\"https:\\\/\\\/www.programador.online\\\/uifor\\\/\",\"name\":\"IUFOR\",\"description\":\"Instituto Universitario de Investigaci\u00f3n en Gesti\u00f3n Forestal Sostenible\",\"potentialAction\":[{\"@type\":\"SearchAction\",\"target\":{\"@type\":\"EntryPoint\",\"urlTemplate\":\"https:\\\/\\\/www.programador.online\\\/uifor\\\/?s={search_term_string}\"},\"query-input\":{\"@type\":\"PropertyValueSpecification\",\"valueRequired\":true,\"valueName\":\"search_term_string\"}}],\"inLanguage\":\"es\"},{\"@type\":\"Person\",\"@id\":\"https:\\\/\\\/www.programador.online\\\/uifor\\\/#\\\/schema\\\/person\\\/da2110b17d1b0161a9e3525dde216783\",\"name\":\"IUFOR\",\"image\":{\"@type\":\"ImageObject\",\"inLanguage\":\"es\",\"@id\":\"https:\\\/\\\/secure.gravatar.com\\\/avatar\\\/7a25de614035b9bf7fbc6c2b5f1661145f205724f3712e1947f913aea168cb3a?s=96&d=mm&r=g\",\"url\":\"https:\\\/\\\/secure.gravatar.com\\\/avatar\\\/7a25de614035b9bf7fbc6c2b5f1661145f205724f3712e1947f913aea168cb3a?s=96&d=mm&r=g\",\"contentUrl\":\"https:\\\/\\\/secure.gravatar.com\\\/avatar\\\/7a25de614035b9bf7fbc6c2b5f1661145f205724f3712e1947f913aea168cb3a?s=96&d=mm&r=g\",\"caption\":\"IUFOR\"},\"sameAs\":[\"https:\\\/\\\/iufor.palencia.uva.es\"],\"url\":\"https:\\\/\\\/www.programador.online\\\/uifor\\\/author\\\/admin\\\/\"}]}<\/script>\n<!-- \/ Yoast SEO plugin. -->","yoast_head_json":{"title":"La Universidad de Valladolid se adhiere a la Unidad Asociada de I+D+i al CSIC \u201cGesti\u00f3n Forestal Sostenible\u201d - IUFOR","robots":{"index":"index","follow":"follow","max-snippet":"max-snippet:-1","max-image-preview":"max-image-preview:large","max-video-preview":"max-video-preview:-1"},"canonical":"https:\/\/www.programador.online\/uifor\/unidad-asociada-de-idi-csic-gestion-forestal-sostenible\/","og_locale":"es_ES","og_type":"article","og_title":"La Universidad de Valladolid se adhiere a la Unidad Asociada de I+D+i al CSIC \u201cGesti\u00f3n Forestal Sostenible\u201d - IUFOR","og_url":"https:\/\/www.programador.online\/uifor\/unidad-asociada-de-idi-csic-gestion-forestal-sostenible\/","og_site_name":"IUFOR","article_published_time":"2022-11-15T08:57:42+00:00","article_modified_time":"2023-08-24T10:31:53+00:00","og_image":[{"width":567,"height":329,"url":"https:\/\/www.programador.online\/uifor\/wp-content\/uploads\/2022\/07\/iuFOR_UnidadAsociada-2.png","type":"image\/png"}],"author":"IUFOR","twitter_card":"summary_large_image","twitter_misc":{"Escrito por":"IUFOR","Tiempo de lectura":"6 minutos"},"schema":{"@context":"https:\/\/schema.org","@graph":[{"@type":"Article","@id":"https:\/\/www.programador.online\/uifor\/unidad-asociada-de-idi-csic-gestion-forestal-sostenible\/#article","isPartOf":{"@id":"https:\/\/www.programador.online\/uifor\/unidad-asociada-de-idi-csic-gestion-forestal-sostenible\/"},"author":{"name":"IUFOR","@id":"https:\/\/www.programador.online\/uifor\/#\/schema\/person\/da2110b17d1b0161a9e3525dde216783"},"headline":"La Universidad de Valladolid se adhiere a la Unidad Asociada de I+D+i al CSIC \u201cGesti\u00f3n Forestal Sostenible\u201d","datePublished":"2022-11-15T08:57:42+00:00","dateModified":"2023-08-24T10:31:53+00:00","mainEntityOfPage":{"@id":"https:\/\/www.programador.online\/uifor\/unidad-asociada-de-idi-csic-gestion-forestal-sostenible\/"},"wordCount":1201,"commentCount":0,"image":{"@id":"https:\/\/www.programador.online\/uifor\/unidad-asociada-de-idi-csic-gestion-forestal-sostenible\/#primaryimage"},"thumbnailUrl":"https:\/\/www.programador.online\/uifor\/wp-content\/uploads\/2022\/07\/iuFOR_UnidadAsociada-2.png","articleSection":["Noticia"],"inLanguage":"es","potentialAction":[{"@type":"CommentAction","name":"Comment","target":["https:\/\/www.programador.online\/uifor\/unidad-asociada-de-idi-csic-gestion-forestal-sostenible\/#respond"]}]},{"@type":"WebPage","@id":"https:\/\/www.programador.online\/uifor\/unidad-asociada-de-idi-csic-gestion-forestal-sostenible\/","url":"https:\/\/www.programador.online\/uifor\/unidad-asociada-de-idi-csic-gestion-forestal-sostenible\/","name":"La Universidad de Valladolid se adhiere a la Unidad Asociada de I+D+i al CSIC \u201cGesti\u00f3n Forestal Sostenible\u201d - IUFOR","isPartOf":{"@id":"https:\/\/www.programador.online\/uifor\/#website"},"primaryImageOfPage":{"@id":"https:\/\/www.programador.online\/uifor\/unidad-asociada-de-idi-csic-gestion-forestal-sostenible\/#primaryimage"},"image":{"@id":"https:\/\/www.programador.online\/uifor\/unidad-asociada-de-idi-csic-gestion-forestal-sostenible\/#primaryimage"},"thumbnailUrl":"https:\/\/www.programador.online\/uifor\/wp-content\/uploads\/2022\/07\/iuFOR_UnidadAsociada-2.png","datePublished":"2022-11-15T08:57:42+00:00","dateModified":"2023-08-24T10:31:53+00:00","author":{"@id":"https:\/\/www.programador.online\/uifor\/#\/schema\/person\/da2110b17d1b0161a9e3525dde216783"},"breadcrumb":{"@id":"https:\/\/www.programador.online\/uifor\/unidad-asociada-de-idi-csic-gestion-forestal-sostenible\/#breadcrumb"},"inLanguage":"es","potentialAction":[{"@type":"ReadAction","target":["https:\/\/www.programador.online\/uifor\/unidad-asociada-de-idi-csic-gestion-forestal-sostenible\/"]}]},{"@type":"ImageObject","inLanguage":"es","@id":"https:\/\/www.programador.online\/uifor\/unidad-asociada-de-idi-csic-gestion-forestal-sostenible\/#primaryimage","url":"https:\/\/www.programador.online\/uifor\/wp-content\/uploads\/2022\/07\/iuFOR_UnidadAsociada-2.png","contentUrl":"https:\/\/www.programador.online\/uifor\/wp-content\/uploads\/2022\/07\/iuFOR_UnidadAsociada-2.png","width":567,"height":329},{"@type":"BreadcrumbList","@id":"https:\/\/www.programador.online\/uifor\/unidad-asociada-de-idi-csic-gestion-forestal-sostenible\/#breadcrumb","itemListElement":[{"@type":"ListItem","position":1,"name":"Home","item":"https:\/\/www.programador.online\/uifor\/"},{"@type":"ListItem","position":2,"name":"La Universidad de Valladolid se adhiere a la Unidad Asociada de I+D+i al CSIC \u201cGesti\u00f3n Forestal Sostenible\u201d"}]},{"@type":"WebSite","@id":"https:\/\/www.programador.online\/uifor\/#website","url":"https:\/\/www.programador.online\/uifor\/","name":"IUFOR","description":"Instituto Universitario de Investigaci\u00f3n en Gesti\u00f3n Forestal Sostenible","potentialAction":[{"@type":"SearchAction","target":{"@type":"EntryPoint","urlTemplate":"https:\/\/www.programador.online\/uifor\/?s={search_term_string}"},"query-input":{"@type":"PropertyValueSpecification","valueRequired":true,"valueName":"search_term_string"}}],"inLanguage":"es"},{"@type":"Person","@id":"https:\/\/www.programador.online\/uifor\/#\/schema\/person\/da2110b17d1b0161a9e3525dde216783","name":"IUFOR","image":{"@type":"ImageObject","inLanguage":"es","@id":"https:\/\/secure.gravatar.com\/avatar\/7a25de614035b9bf7fbc6c2b5f1661145f205724f3712e1947f913aea168cb3a?s=96&d=mm&r=g","url":"https:\/\/secure.gravatar.com\/avatar\/7a25de614035b9bf7fbc6c2b5f1661145f205724f3712e1947f913aea168cb3a?s=96&d=mm&r=g","contentUrl":"https:\/\/secure.gravatar.com\/avatar\/7a25de614035b9bf7fbc6c2b5f1661145f205724f3712e1947f913aea168cb3a?s=96&d=mm&r=g","caption":"IUFOR"},"sameAs":["https:\/\/iufor.palencia.uva.es"],"url":"https:\/\/www.programador.online\/uifor\/author\/admin\/"}]}},"_links":{"self":[{"href":"https:\/\/www.programador.online\/uifor\/wp-json\/wp\/v2\/posts\/54","targetHints":{"allow":["GET"]}}],"collection":[{"href":"https:\/\/www.programador.online\/uifor\/wp-json\/wp\/v2\/posts"}],"about":[{"href":"https:\/\/www.programador.online\/uifor\/wp-json\/wp\/v2\/types\/post"}],"author":[{"embeddable":true,"href":"https:\/\/www.programador.online\/uifor\/wp-json\/wp\/v2\/users\/2"}],"replies":[{"embeddable":true,"href":"https:\/\/www.programador.online\/uifor\/wp-json\/wp\/v2\/comments?post=54"}],"version-history":[{"count":0,"href":"https:\/\/www.programador.online\/uifor\/wp-json\/wp\/v2\/posts\/54\/revisions"}],"wp:featuredmedia":[{"embeddable":true,"href":"https:\/\/www.programador.online\/uifor\/wp-json\/wp\/v2\/media\/11203"}],"wp:attachment":[{"href":"https:\/\/www.programador.online\/uifor\/wp-json\/wp\/v2\/media?parent=54"}],"wp:term":[{"taxonomy":"category","embeddable":true,"href":"https:\/\/www.programador.online\/uifor\/wp-json\/wp\/v2\/categories?post=54"},{"taxonomy":"post_tag","embeddable":true,"href":"https:\/\/www.programador.online\/uifor\/wp-json\/wp\/v2\/tags?post=54"}],"curies":[{"name":"wp","href":"https:\/\/api.w.org\/{rel}","templated":true}]}}