{"id":53,"date":"2022-05-09T10:57:42","date_gmt":"2022-05-09T08:57:42","guid":{"rendered":"https:\/\/157.88.224.245\/?p=53"},"modified":"2023-08-24T12:34:13","modified_gmt":"2023-08-24T10:34:13","slug":"hans-pretzsch-profesor-visitante","status":"publish","type":"post","link":"https:\/\/www.programador.online\/uifor\/hans-pretzsch-profesor-visitante\/","title":{"rendered":"El profesor visitante de la UVa Hans Pretzsch lidera un estudio sobre los efectos de la sequ\u00eda en los bosques en el iuFOR"},"content":{"rendered":"<p><div class=\"fusion-fullwidth fullwidth-box fusion-builder-row-1 fusion-flex-container nonhundred-percent-fullwidth non-hundred-percent-height-scrolling\" style=\"--awb-border-radius-top-left:0px;--awb-border-radius-top-right:0px;--awb-border-radius-bottom-right:0px;--awb-border-radius-bottom-left:0px;--awb-flex-wrap:wrap;\" ><div class=\"fusion-builder-row fusion-row fusion-flex-align-items-flex-start fusion-flex-content-wrap\" style=\"max-width:1289.6px;margin-left: calc(-4% \/ 2 );margin-right: calc(-4% \/ 2 );\"><div class=\"fusion-layout-column fusion_builder_column fusion-builder-column-0 fusion_builder_column_1_1 1_1 fusion-flex-column\" style=\"--awb-bg-size:cover;--awb-width-large:100%;--awb-margin-top-large:0px;--awb-spacing-right-large:0%;--awb-margin-bottom-large:65px;--awb-spacing-left-large:0%;--awb-width-medium:100%;--awb-order-medium:0;--awb-spacing-right-medium:0%;--awb-spacing-left-medium:0%;--awb-width-small:100%;--awb-order-small:0;--awb-spacing-right-small:1.92%;--awb-margin-bottom-small:50px;--awb-spacing-left-small:1.92%;\"><div class=\"fusion-column-wrapper fusion-column-has-shadow fusion-flex-justify-content-flex-start fusion-content-layout-column\"><div class=\"fusion-image-element \" style=\"text-align:center;--awb-aspect-ratio:3 \/ 2;--awb-caption-title-font-family:var(--h2_typography-font-family);--awb-caption-title-font-weight:var(--h2_typography-font-weight);--awb-caption-title-font-style:var(--h2_typography-font-style);--awb-caption-title-size:var(--h2_typography-font-size);--awb-caption-title-transform:var(--h2_typography-text-transform);--awb-caption-title-line-height:var(--h2_typography-line-height);--awb-caption-title-letter-spacing:var(--h2_typography-letter-spacing);\"><span class=\" fusion-imageframe imageframe-none imageframe-1 hover-type-none has-aspect-ratio\"><img fetchpriority=\"high\" fetchpriority=\"high\" decoding=\"async\" width=\"1202\" height=\"800\" title=\"Hans_Pretzsch_profesorvisitantee_iuFOR-jpg (1)\" src=\"http:\/\/iufor.palencia.uva.es\/wp-content\/uploads\/2022\/07\/Hans_Pretzsch_profesorvisitantee_iuFOR-jpg-1.jpg\" class=\"img-responsive wp-image-11168 img-with-aspect-ratio\" data-parent-fit=\"cover\" data-parent-container=\".fusion-image-element\" alt srcset=\"https:\/\/www.programador.online\/uifor\/wp-content\/uploads\/2022\/07\/Hans_Pretzsch_profesorvisitantee_iuFOR-jpg-1-200x133.jpg 200w, https:\/\/www.programador.online\/uifor\/wp-content\/uploads\/2022\/07\/Hans_Pretzsch_profesorvisitantee_iuFOR-jpg-1-400x266.jpg 400w, https:\/\/www.programador.online\/uifor\/wp-content\/uploads\/2022\/07\/Hans_Pretzsch_profesorvisitantee_iuFOR-jpg-1-600x399.jpg 600w, https:\/\/www.programador.online\/uifor\/wp-content\/uploads\/2022\/07\/Hans_Pretzsch_profesorvisitantee_iuFOR-jpg-1-800x532.jpg 800w, https:\/\/www.programador.online\/uifor\/wp-content\/uploads\/2022\/07\/Hans_Pretzsch_profesorvisitantee_iuFOR-jpg-1-1200x799.jpg 1200w, https:\/\/www.programador.online\/uifor\/wp-content\/uploads\/2022\/07\/Hans_Pretzsch_profesorvisitantee_iuFOR-jpg-1.jpg 1202w\" sizes=\"(max-width: 640px) 100vw, 1202px\" \/><\/span><\/div><\/div><\/div><div class=\"fusion-layout-column fusion_builder_column fusion-builder-column-1 fusion_builder_column_1_1 1_1 fusion-flex-column\" style=\"--awb-padding-right:60px;--awb-padding-left:60px;--awb-bg-size:cover;--awb-width-large:100%;--awb-margin-top-large:0px;--awb-spacing-right-large:1.92%;--awb-margin-bottom-large:65px;--awb-spacing-left-large:1.92%;--awb-width-medium:100%;--awb-order-medium:0;--awb-spacing-right-medium:1.92%;--awb-spacing-left-medium:1.92%;--awb-width-small:100%;--awb-order-small:0;--awb-spacing-right-small:1.92%;--awb-margin-bottom-small:35px;--awb-spacing-left-small:1.92%;\"><div class=\"fusion-column-wrapper fusion-column-has-shadow fusion-flex-justify-content-flex-start fusion-content-layout-column\"><div class=\"fusion-text fusion-text-1\" style=\"--awb-content-alignment:justify;--awb-font-size:20px;--awb-line-height:32px;--awb-text-font-family:&quot;Lexend&quot;;--awb-text-font-style:normal;--awb-text-font-weight:300;\"><section>\n<div class=\"noticia-entradilla\">\n<p style=\"color: var(--awb-custom_color_3); font-size: 16px;\" data-fusion-font=\"true\">La Universidad de Valladolid mantiene desde hace 10 a\u00f1os este programa de profesores visitantes para facilitar la contrataci\u00f3n temporal de profesores e investigadores de reconocido prestigio que contribuyan al fortalecimiento de los Grupos de Investigaci\u00f3n locales. Una iniciativa que la UVa ha potenciado en los \u00faltimos a\u00f1os con una ampliaci\u00f3n de las plazas y las modalidades de contrataci\u00f3n.<\/p>\n<\/div>\n<\/section>\n<section>\n<div class=\"noticia-cuerpo\">\n<p style=\"color: var(--awb-custom_color_3);\"><span style=\"font-size: 16px;\" data-fusion-font=\"true\">En el marco de este programa, se ha incorporado al Instituto de Gesti\u00f3n Forestal Sostenible (iuFOR) del campus de la UVa en Palencia el reconocido profesor <\/span><b style=\"color: var(--awb-custom_color_4); font-size: 16px;\" data-fusion-font=\"true\">Hans Pretzsch<\/b><span style=\"font-size: 16px;\" data-fusion-font=\"true\"> de la <\/span><b style=\"color: var(--awb-custom_color_4); font-size: 16px;\" data-fusion-font=\"true\">Universidad T\u00e9cnica de M\u00fanich (Alemania)<\/b><span style=\"font-size: 16px;\" data-fusion-font=\"true\">. El profesor Pretzsch es uno de los investigadores m\u00e1s citados de todas las \u00e1reas de conocimiento, en todo el mundo (entre el 1% con mayor n\u00famero de citas), y ha realizado alguna de las aportaciones m\u00e1s relevantes en el campo de la selvicultura y din\u00e1mica de bosques en los \u00faltimos 20 a\u00f1os.<\/span><\/p>\n<p style=\"color: var(--awb-custom_color_3); font-size: 16px;\" data-fusion-font=\"true\">El profesor Pretzsch se ha integrado en el equipo de su colega, Felipe Bravo, en la Escuela de Ingenier\u00edas Agrarias de Palencia, para investigar la din\u00e1mica de los bosques mixtos europeos mediante el an\u00e1lisis de la red de sitios experimentales que en colaboraci\u00f3n con investigadores de toda Europa instalaron hace m\u00e1s de cinco a\u00f1os. Este trabajo de investigaci\u00f3n se basar\u00e1 en estancias de investigaci\u00f3n que comenzaron en el a\u00f1o 2021 y se mantendr\u00e1n hasta el a\u00f1o 2025.<\/p>\n<p style=\"color: var(--awb-custom_color_3); font-size: 16px;\" data-fusion-font=\"true\">El primer resultado concreto de esta colaboraci\u00f3n ha sido la publicaci\u00f3n de un trabajo sobre el efecto de la sequ\u00eda en el crecimiento de los \u00e1rboles en bosques templados y mediterr\u00e1neos en la prestigiosa revista internacional \u201cEuropean Journal of Forest Research\u201d que es considerada entre las m\u00e1s importantes de su \u00e1rea de conocimiento.<\/p>\n<p style=\"color: var(--awb-custom_color_3); font-size: 16px;\" data-fusion-font=\"true\">El cambio clim\u00e1tico viene acompa\u00f1ado de una mayor frecuencia de a\u00f1os de sequ\u00eda. La cuesti\u00f3n principal de este estudio era saber qu\u00e9 \u00e1rboles de las masas forestales sufren m\u00e1s las condiciones de sequ\u00eda, en concreto si los \u00e1rboles m\u00e1s grandes o los peque\u00f1os. Los autores del trabajo descubrieron que, en la mayor\u00eda de los casos, los \u00e1rboles peque\u00f1os se ve\u00edan perjudicados en condiciones normales o h\u00famedas debido a la escasez de luz. Sin embargo, en a\u00f1os secos o en sitios secos los \u00e1rboles peque\u00f1os se beneficiaron al crecer a la sombra de los \u00e1rboles grandes y de sufrir un menor estr\u00e9s h\u00eddrico. La contribuci\u00f3n de los \u00e1rboles peque\u00f1os al crecimiento del bosque aumenta en los a\u00f1os secos donde las fuertes p\u00e9rdidas de crecimiento de los \u00e1rboles dominantes se ven compensadas, al menos en parte, por el crecimiento de los \u00e1rboles peque\u00f1os m\u00e1s resistentes.<\/p>\n<p style=\"color: var(--awb-custom_color_3); font-size: 16px;\" data-fusion-font=\"true\">La participaci\u00f3n del profesor Pretzsch y del equipo del profesor Bravo en el programa de profesores visitantes de la Universidad de Valladolid ha permitido esta evaluaci\u00f3n y la publicaci\u00f3n conjunta y reforzado la cooperaci\u00f3n hispano-alemana en la investigaci\u00f3n sobre el cambio clim\u00e1tico y la ciencia forestal en general. En el trabajo han participado investigadores del CSIC-INIA en Madrid, con los que el iuFOR y est\u00e1 en el proceso de creaci\u00f3n de una unidad asociada tras mantener lazos de investigaci\u00f3n potentes desde hace m\u00e1s de 20 a\u00f1os, y de centros de investigaci\u00f3n de Baviera y Baden-Wurtemberg en Alemania.<\/p>\n<p style=\"color: var(--awb-custom_color_3); font-size: 16px;\" data-fusion-font=\"true\">La Universidad de Valladolid ha sido calificada recientemente como una de las mejores universidades para estudiar ingenier\u00eda forestal en Europa (puesto 34) siendo la tercera en Espa\u00f1a dentro de esta disciplina. Para llegar a este nivel de excelencia durante los \u00faltimos a\u00f1os se ha llevado a cabo una gran renovaci\u00f3n de los t\u00edtulos forestales mediante la expansi\u00f3n de las dobles titulaciones internacionales (con Francia, Colombia o Vietnam) e incluyendo la creaci\u00f3n de un m\u00e1ster en gesti\u00f3n forestal basada en ciencia de datos. La participaci\u00f3n del iuFOR en el programa Escalera de Excelencia de la Junta de Castilla y Le\u00f3n (cofinanciado con fondos FEDER) permitir\u00e1 continuar con la investigaci\u00f3n de alto nivel que se est\u00e1 realizando hasta el momento y conseguir nuevos \u00e9xitos en los pr\u00f3ximos a\u00f1os.<\/p>\n<\/div>\n<\/section>\n<\/div><\/div><\/div><\/div><\/div><div class=\"fusion-fullwidth fullwidth-box fusion-builder-row-2 fusion-flex-container nonhundred-percent-fullwidth non-hundred-percent-height-scrolling\" style=\"--awb-border-radius-top-left:0px;--awb-border-radius-top-right:0px;--awb-border-radius-bottom-right:0px;--awb-border-radius-bottom-left:0px;--awb-margin-bottom:45px;--awb-flex-wrap:wrap;\" ><div class=\"fusion-builder-row fusion-row fusion-flex-align-items-flex-start fusion-flex-content-wrap\" style=\"max-width:1289.6px;margin-left: calc(-4% \/ 2 );margin-right: calc(-4% \/ 2 );\"><div class=\"fusion-layout-column fusion_builder_column fusion-builder-column-2 fusion_builder_column_1_1 1_1 fusion-flex-column\" style=\"--awb-padding-right:60px;--awb-padding-left:60px;--awb-bg-size:cover;--awb-width-large:100%;--awb-margin-top-large:0px;--awb-spacing-right-large:1.92%;--awb-margin-bottom-large:0px;--awb-spacing-left-large:1.92%;--awb-width-medium:100%;--awb-order-medium:0;--awb-spacing-right-medium:1.92%;--awb-spacing-left-medium:1.92%;--awb-width-small:100%;--awb-order-small:0;--awb-spacing-right-small:1.92%;--awb-spacing-left-small:1.92%;\"><div class=\"fusion-column-wrapper fusion-column-has-shadow fusion-flex-justify-content-flex-start fusion-content-layout-column\"><\/div><\/div><\/div><\/div><\/p>\n","protected":false},"excerpt":{"rendered":"","protected":false},"author":2,"featured_media":11168,"comment_status":"open","ping_status":"open","sticky":false,"template":"","format":"standard","meta":{"_acf_changed":false,"footnotes":""},"categories":[129],"tags":[],"class_list":["post-53","post","type-post","status-publish","format-standard","has-post-thumbnail","hentry","category-noticia"],"acf":[],"yoast_head":"<!-- This site is optimized with the Yoast SEO plugin v27.4 - https:\/\/yoast.com\/product\/yoast-seo-wordpress\/ -->\n<title>El profesor visitante de la UVa Hans Pretzsch lidera un estudio sobre los efectos de la sequ\u00eda en los bosques en el iuFOR - IUFOR<\/title>\n<meta name=\"robots\" content=\"index, follow, max-snippet:-1, max-image-preview:large, max-video-preview:-1\" \/>\n<link rel=\"canonical\" href=\"https:\/\/www.programador.online\/uifor\/hans-pretzsch-profesor-visitante\/\" \/>\n<meta property=\"og:locale\" content=\"es_ES\" \/>\n<meta property=\"og:type\" content=\"article\" \/>\n<meta property=\"og:title\" content=\"El profesor visitante de la UVa Hans Pretzsch lidera un estudio sobre los efectos de la sequ\u00eda en los bosques en el iuFOR - IUFOR\" \/>\n<meta property=\"og:url\" content=\"https:\/\/www.programador.online\/uifor\/hans-pretzsch-profesor-visitante\/\" \/>\n<meta property=\"og:site_name\" content=\"IUFOR\" \/>\n<meta property=\"article:published_time\" content=\"2022-05-09T08:57:42+00:00\" \/>\n<meta property=\"article:modified_time\" content=\"2023-08-24T10:34:13+00:00\" \/>\n<meta property=\"og:image\" content=\"https:\/\/www.programador.online\/uifor\/wp-content\/uploads\/2022\/07\/Hans_Pretzsch_profesorvisitantee_iuFOR-jpg-1.jpg\" \/>\n\t<meta property=\"og:image:width\" content=\"1202\" \/>\n\t<meta property=\"og:image:height\" content=\"800\" \/>\n\t<meta property=\"og:image:type\" content=\"image\/jpeg\" \/>\n<meta name=\"author\" content=\"IUFOR\" \/>\n<meta name=\"twitter:card\" content=\"summary_large_image\" \/>\n<meta name=\"twitter:label1\" content=\"Escrito por\" \/>\n\t<meta name=\"twitter:data1\" content=\"IUFOR\" \/>\n\t<meta name=\"twitter:label2\" content=\"Tiempo de lectura\" \/>\n\t<meta name=\"twitter:data2\" content=\"9 minutos\" \/>\n<script type=\"application\/ld+json\" class=\"yoast-schema-graph\">{\"@context\":\"https:\\\/\\\/schema.org\",\"@graph\":[{\"@type\":\"Article\",\"@id\":\"https:\\\/\\\/www.programador.online\\\/uifor\\\/hans-pretzsch-profesor-visitante\\\/#article\",\"isPartOf\":{\"@id\":\"https:\\\/\\\/www.programador.online\\\/uifor\\\/hans-pretzsch-profesor-visitante\\\/\"},\"author\":{\"name\":\"IUFOR\",\"@id\":\"https:\\\/\\\/www.programador.online\\\/uifor\\\/#\\\/schema\\\/person\\\/da2110b17d1b0161a9e3525dde216783\"},\"headline\":\"El profesor visitante de la UVa Hans Pretzsch lidera un estudio sobre los efectos de la sequ\u00eda en los bosques en el iuFOR\",\"datePublished\":\"2022-05-09T08:57:42+00:00\",\"dateModified\":\"2023-08-24T10:34:13+00:00\",\"mainEntityOfPage\":{\"@id\":\"https:\\\/\\\/www.programador.online\\\/uifor\\\/hans-pretzsch-profesor-visitante\\\/\"},\"wordCount\":1760,\"commentCount\":0,\"image\":{\"@id\":\"https:\\\/\\\/www.programador.online\\\/uifor\\\/hans-pretzsch-profesor-visitante\\\/#primaryimage\"},\"thumbnailUrl\":\"https:\\\/\\\/www.programador.online\\\/uifor\\\/wp-content\\\/uploads\\\/2022\\\/07\\\/Hans_Pretzsch_profesorvisitantee_iuFOR-jpg-1.jpg\",\"articleSection\":[\"Noticia\"],\"inLanguage\":\"es\",\"potentialAction\":[{\"@type\":\"CommentAction\",\"name\":\"Comment\",\"target\":[\"https:\\\/\\\/www.programador.online\\\/uifor\\\/hans-pretzsch-profesor-visitante\\\/#respond\"]}]},{\"@type\":\"WebPage\",\"@id\":\"https:\\\/\\\/www.programador.online\\\/uifor\\\/hans-pretzsch-profesor-visitante\\\/\",\"url\":\"https:\\\/\\\/www.programador.online\\\/uifor\\\/hans-pretzsch-profesor-visitante\\\/\",\"name\":\"El profesor visitante de la UVa Hans Pretzsch lidera un estudio sobre los efectos de la sequ\u00eda en los bosques en el iuFOR - IUFOR\",\"isPartOf\":{\"@id\":\"https:\\\/\\\/www.programador.online\\\/uifor\\\/#website\"},\"primaryImageOfPage\":{\"@id\":\"https:\\\/\\\/www.programador.online\\\/uifor\\\/hans-pretzsch-profesor-visitante\\\/#primaryimage\"},\"image\":{\"@id\":\"https:\\\/\\\/www.programador.online\\\/uifor\\\/hans-pretzsch-profesor-visitante\\\/#primaryimage\"},\"thumbnailUrl\":\"https:\\\/\\\/www.programador.online\\\/uifor\\\/wp-content\\\/uploads\\\/2022\\\/07\\\/Hans_Pretzsch_profesorvisitantee_iuFOR-jpg-1.jpg\",\"datePublished\":\"2022-05-09T08:57:42+00:00\",\"dateModified\":\"2023-08-24T10:34:13+00:00\",\"author\":{\"@id\":\"https:\\\/\\\/www.programador.online\\\/uifor\\\/#\\\/schema\\\/person\\\/da2110b17d1b0161a9e3525dde216783\"},\"breadcrumb\":{\"@id\":\"https:\\\/\\\/www.programador.online\\\/uifor\\\/hans-pretzsch-profesor-visitante\\\/#breadcrumb\"},\"inLanguage\":\"es\",\"potentialAction\":[{\"@type\":\"ReadAction\",\"target\":[\"https:\\\/\\\/www.programador.online\\\/uifor\\\/hans-pretzsch-profesor-visitante\\\/\"]}]},{\"@type\":\"ImageObject\",\"inLanguage\":\"es\",\"@id\":\"https:\\\/\\\/www.programador.online\\\/uifor\\\/hans-pretzsch-profesor-visitante\\\/#primaryimage\",\"url\":\"https:\\\/\\\/www.programador.online\\\/uifor\\\/wp-content\\\/uploads\\\/2022\\\/07\\\/Hans_Pretzsch_profesorvisitantee_iuFOR-jpg-1.jpg\",\"contentUrl\":\"https:\\\/\\\/www.programador.online\\\/uifor\\\/wp-content\\\/uploads\\\/2022\\\/07\\\/Hans_Pretzsch_profesorvisitantee_iuFOR-jpg-1.jpg\",\"width\":1202,\"height\":800},{\"@type\":\"BreadcrumbList\",\"@id\":\"https:\\\/\\\/www.programador.online\\\/uifor\\\/hans-pretzsch-profesor-visitante\\\/#breadcrumb\",\"itemListElement\":[{\"@type\":\"ListItem\",\"position\":1,\"name\":\"Home\",\"item\":\"https:\\\/\\\/www.programador.online\\\/uifor\\\/\"},{\"@type\":\"ListItem\",\"position\":2,\"name\":\"El profesor visitante de la UVa Hans Pretzsch lidera un estudio sobre los efectos de la sequ\u00eda en los bosques en el iuFOR\"}]},{\"@type\":\"WebSite\",\"@id\":\"https:\\\/\\\/www.programador.online\\\/uifor\\\/#website\",\"url\":\"https:\\\/\\\/www.programador.online\\\/uifor\\\/\",\"name\":\"IUFOR\",\"description\":\"Instituto Universitario de Investigaci\u00f3n en Gesti\u00f3n Forestal Sostenible\",\"potentialAction\":[{\"@type\":\"SearchAction\",\"target\":{\"@type\":\"EntryPoint\",\"urlTemplate\":\"https:\\\/\\\/www.programador.online\\\/uifor\\\/?s={search_term_string}\"},\"query-input\":{\"@type\":\"PropertyValueSpecification\",\"valueRequired\":true,\"valueName\":\"search_term_string\"}}],\"inLanguage\":\"es\"},{\"@type\":\"Person\",\"@id\":\"https:\\\/\\\/www.programador.online\\\/uifor\\\/#\\\/schema\\\/person\\\/da2110b17d1b0161a9e3525dde216783\",\"name\":\"IUFOR\",\"image\":{\"@type\":\"ImageObject\",\"inLanguage\":\"es\",\"@id\":\"https:\\\/\\\/secure.gravatar.com\\\/avatar\\\/7a25de614035b9bf7fbc6c2b5f1661145f205724f3712e1947f913aea168cb3a?s=96&d=mm&r=g\",\"url\":\"https:\\\/\\\/secure.gravatar.com\\\/avatar\\\/7a25de614035b9bf7fbc6c2b5f1661145f205724f3712e1947f913aea168cb3a?s=96&d=mm&r=g\",\"contentUrl\":\"https:\\\/\\\/secure.gravatar.com\\\/avatar\\\/7a25de614035b9bf7fbc6c2b5f1661145f205724f3712e1947f913aea168cb3a?s=96&d=mm&r=g\",\"caption\":\"IUFOR\"},\"sameAs\":[\"https:\\\/\\\/iufor.palencia.uva.es\"],\"url\":\"https:\\\/\\\/www.programador.online\\\/uifor\\\/author\\\/admin\\\/\"}]}<\/script>\n<!-- \/ Yoast SEO plugin. -->","yoast_head_json":{"title":"El profesor visitante de la UVa Hans Pretzsch lidera un estudio sobre los efectos de la sequ\u00eda en los bosques en el iuFOR - IUFOR","robots":{"index":"index","follow":"follow","max-snippet":"max-snippet:-1","max-image-preview":"max-image-preview:large","max-video-preview":"max-video-preview:-1"},"canonical":"https:\/\/www.programador.online\/uifor\/hans-pretzsch-profesor-visitante\/","og_locale":"es_ES","og_type":"article","og_title":"El profesor visitante de la UVa Hans Pretzsch lidera un estudio sobre los efectos de la sequ\u00eda en los bosques en el iuFOR - IUFOR","og_url":"https:\/\/www.programador.online\/uifor\/hans-pretzsch-profesor-visitante\/","og_site_name":"IUFOR","article_published_time":"2022-05-09T08:57:42+00:00","article_modified_time":"2023-08-24T10:34:13+00:00","og_image":[{"width":1202,"height":800,"url":"https:\/\/www.programador.online\/uifor\/wp-content\/uploads\/2022\/07\/Hans_Pretzsch_profesorvisitantee_iuFOR-jpg-1.jpg","type":"image\/jpeg"}],"author":"IUFOR","twitter_card":"summary_large_image","twitter_misc":{"Escrito por":"IUFOR","Tiempo de lectura":"9 minutos"},"schema":{"@context":"https:\/\/schema.org","@graph":[{"@type":"Article","@id":"https:\/\/www.programador.online\/uifor\/hans-pretzsch-profesor-visitante\/#article","isPartOf":{"@id":"https:\/\/www.programador.online\/uifor\/hans-pretzsch-profesor-visitante\/"},"author":{"name":"IUFOR","@id":"https:\/\/www.programador.online\/uifor\/#\/schema\/person\/da2110b17d1b0161a9e3525dde216783"},"headline":"El profesor visitante de la UVa Hans Pretzsch lidera un estudio sobre los efectos de la sequ\u00eda en los bosques en el iuFOR","datePublished":"2022-05-09T08:57:42+00:00","dateModified":"2023-08-24T10:34:13+00:00","mainEntityOfPage":{"@id":"https:\/\/www.programador.online\/uifor\/hans-pretzsch-profesor-visitante\/"},"wordCount":1760,"commentCount":0,"image":{"@id":"https:\/\/www.programador.online\/uifor\/hans-pretzsch-profesor-visitante\/#primaryimage"},"thumbnailUrl":"https:\/\/www.programador.online\/uifor\/wp-content\/uploads\/2022\/07\/Hans_Pretzsch_profesorvisitantee_iuFOR-jpg-1.jpg","articleSection":["Noticia"],"inLanguage":"es","potentialAction":[{"@type":"CommentAction","name":"Comment","target":["https:\/\/www.programador.online\/uifor\/hans-pretzsch-profesor-visitante\/#respond"]}]},{"@type":"WebPage","@id":"https:\/\/www.programador.online\/uifor\/hans-pretzsch-profesor-visitante\/","url":"https:\/\/www.programador.online\/uifor\/hans-pretzsch-profesor-visitante\/","name":"El profesor visitante de la UVa Hans Pretzsch lidera un estudio sobre los efectos de la sequ\u00eda en los bosques en el iuFOR - IUFOR","isPartOf":{"@id":"https:\/\/www.programador.online\/uifor\/#website"},"primaryImageOfPage":{"@id":"https:\/\/www.programador.online\/uifor\/hans-pretzsch-profesor-visitante\/#primaryimage"},"image":{"@id":"https:\/\/www.programador.online\/uifor\/hans-pretzsch-profesor-visitante\/#primaryimage"},"thumbnailUrl":"https:\/\/www.programador.online\/uifor\/wp-content\/uploads\/2022\/07\/Hans_Pretzsch_profesorvisitantee_iuFOR-jpg-1.jpg","datePublished":"2022-05-09T08:57:42+00:00","dateModified":"2023-08-24T10:34:13+00:00","author":{"@id":"https:\/\/www.programador.online\/uifor\/#\/schema\/person\/da2110b17d1b0161a9e3525dde216783"},"breadcrumb":{"@id":"https:\/\/www.programador.online\/uifor\/hans-pretzsch-profesor-visitante\/#breadcrumb"},"inLanguage":"es","potentialAction":[{"@type":"ReadAction","target":["https:\/\/www.programador.online\/uifor\/hans-pretzsch-profesor-visitante\/"]}]},{"@type":"ImageObject","inLanguage":"es","@id":"https:\/\/www.programador.online\/uifor\/hans-pretzsch-profesor-visitante\/#primaryimage","url":"https:\/\/www.programador.online\/uifor\/wp-content\/uploads\/2022\/07\/Hans_Pretzsch_profesorvisitantee_iuFOR-jpg-1.jpg","contentUrl":"https:\/\/www.programador.online\/uifor\/wp-content\/uploads\/2022\/07\/Hans_Pretzsch_profesorvisitantee_iuFOR-jpg-1.jpg","width":1202,"height":800},{"@type":"BreadcrumbList","@id":"https:\/\/www.programador.online\/uifor\/hans-pretzsch-profesor-visitante\/#breadcrumb","itemListElement":[{"@type":"ListItem","position":1,"name":"Home","item":"https:\/\/www.programador.online\/uifor\/"},{"@type":"ListItem","position":2,"name":"El profesor visitante de la UVa Hans Pretzsch lidera un estudio sobre los efectos de la sequ\u00eda en los bosques en el iuFOR"}]},{"@type":"WebSite","@id":"https:\/\/www.programador.online\/uifor\/#website","url":"https:\/\/www.programador.online\/uifor\/","name":"IUFOR","description":"Instituto Universitario de Investigaci\u00f3n en Gesti\u00f3n Forestal Sostenible","potentialAction":[{"@type":"SearchAction","target":{"@type":"EntryPoint","urlTemplate":"https:\/\/www.programador.online\/uifor\/?s={search_term_string}"},"query-input":{"@type":"PropertyValueSpecification","valueRequired":true,"valueName":"search_term_string"}}],"inLanguage":"es"},{"@type":"Person","@id":"https:\/\/www.programador.online\/uifor\/#\/schema\/person\/da2110b17d1b0161a9e3525dde216783","name":"IUFOR","image":{"@type":"ImageObject","inLanguage":"es","@id":"https:\/\/secure.gravatar.com\/avatar\/7a25de614035b9bf7fbc6c2b5f1661145f205724f3712e1947f913aea168cb3a?s=96&d=mm&r=g","url":"https:\/\/secure.gravatar.com\/avatar\/7a25de614035b9bf7fbc6c2b5f1661145f205724f3712e1947f913aea168cb3a?s=96&d=mm&r=g","contentUrl":"https:\/\/secure.gravatar.com\/avatar\/7a25de614035b9bf7fbc6c2b5f1661145f205724f3712e1947f913aea168cb3a?s=96&d=mm&r=g","caption":"IUFOR"},"sameAs":["https:\/\/iufor.palencia.uva.es"],"url":"https:\/\/www.programador.online\/uifor\/author\/admin\/"}]}},"_links":{"self":[{"href":"https:\/\/www.programador.online\/uifor\/wp-json\/wp\/v2\/posts\/53","targetHints":{"allow":["GET"]}}],"collection":[{"href":"https:\/\/www.programador.online\/uifor\/wp-json\/wp\/v2\/posts"}],"about":[{"href":"https:\/\/www.programador.online\/uifor\/wp-json\/wp\/v2\/types\/post"}],"author":[{"embeddable":true,"href":"https:\/\/www.programador.online\/uifor\/wp-json\/wp\/v2\/users\/2"}],"replies":[{"embeddable":true,"href":"https:\/\/www.programador.online\/uifor\/wp-json\/wp\/v2\/comments?post=53"}],"version-history":[{"count":0,"href":"https:\/\/www.programador.online\/uifor\/wp-json\/wp\/v2\/posts\/53\/revisions"}],"wp:featuredmedia":[{"embeddable":true,"href":"https:\/\/www.programador.online\/uifor\/wp-json\/wp\/v2\/media\/11168"}],"wp:attachment":[{"href":"https:\/\/www.programador.online\/uifor\/wp-json\/wp\/v2\/media?parent=53"}],"wp:term":[{"taxonomy":"category","embeddable":true,"href":"https:\/\/www.programador.online\/uifor\/wp-json\/wp\/v2\/categories?post=53"},{"taxonomy":"post_tag","embeddable":true,"href":"https:\/\/www.programador.online\/uifor\/wp-json\/wp\/v2\/tags?post=53"}],"curies":[{"name":"wp","href":"https:\/\/api.w.org\/{rel}","templated":true}]}}